{"id":48005,"date":"2025-01-15T00:24:49","date_gmt":"2025-01-15T06:24:49","guid":{"rendered":"https:\/\/noticiasveracruz.com\/?p=48005"},"modified":"2025-01-15T00:24:49","modified_gmt":"2025-01-15T06:24:49","slug":"la-administracion-de-la-muerte","status":"publish","type":"post","link":"https:\/\/noticiasveracruz.com\/index.php\/2025\/01\/15\/la-administracion-de-la-muerte\/","title":{"rendered":"La administraci\u00f3n de la muerte"},"content":{"rendered":"<p>Por Aurelio Contreras Moreno<\/p>\n<p>&nbsp;<\/p>\n<p>M\u00e1s all\u00e1 de las cuentas alegres con las que la presidenta Claudia Sheinbaum pretendi\u00f3 \u201ccelebrar\u201d sus primeros 100 d\u00edas de gobierno con un acto fara\u00f3nico a la vieja usanza priista, con los sindicatos acarreando a sus \u201cfuerzas vivas\u201d para ensalzar al poderoso en turno, la realidad del pa\u00eds tiene, parad\u00f3jicamente, otros datos.<\/p>\n<p>Seg\u00fan las cifras de Sheinbaum, entre\u00a0septiembre y diciembre de 2024 los homicidios dolosos disminuyeron 16 por ciento, las lesiones dolosas por arma de fuego 20 por ciento y \u201ctodos\u201d los robos con violencia un 5 por ciento.<\/p>\n<p>Con ese estilo altanero que la ha caracterizado, la presidenta asegur\u00f3 que \u201calgunos quisieran que fracas\u00e1ramos. La estrategia de seguridad va a funcionar porque hay humanismo, dedicaci\u00f3n y honestidad\u201d.<\/p>\n<p>Sin embargo, la realidad es terca y no suele sujetarse a torpes guiones de propaganda oficialista.<\/p>\n<p>De acuerdo con datos oficiales \u2013\u00e9sos a los que cada vez va a ser m\u00e1s dif\u00edcil acceder, tras el aniquilamiento de los mecanismos e instituciones de transparencia y acceso a la informaci\u00f3n-, desde el 1 de octubre pasado en que inici\u00f3 el sexenio del autoproclamado \u201csegundo piso de la transformaci\u00f3n\u201d, al menos cinco mil 160 personas han sido asesinadas en M\u00e9xico. \u00c9se solo hecho deber\u00eda ser suficiente para que reconocieran que han sido incapaces de frenar la violencia y de garantizar uno de los derechos fundamentales de la poblaci\u00f3n, que es el de la seguridad.<\/p>\n<p>Pero todav\u00eda m\u00e1s grave a\u00fan es que al menos 15 mil 512 personas han desaparecido en este mismo periodo en M\u00e9xico, con lo que el n\u00famero de no localizados pas\u00f3 de 117 mil dos a 121 mil una. Un verdadero horror que el gobierno dizque \u201chumanista\u201d busca disimular con ret\u00f3rica, cursiler\u00eda y mucha soberbia. Como si en lugar de representar una tragedia para todo el pa\u00eds, fuera solamente una mera \u201cgrilla\u201d pol\u00edtica de quienes el r\u00e9gimen considera como \u201cadversarios\u201d para \u201cda\u00f1ar\u201d su imagen.<\/p>\n<p>Si la seguridad sigue siendo el mismo desastre \u2013y ya no hay forma de que se escuden en lo que les dejaron en el pasado, llevan seis a\u00f1os gobernando-, el tema de la salud es una bomba de tiempo que m\u00e1s temprano que tarde les va a estallar en las manos.<\/p>\n<p>El desabasto de medicamentos en los centros de salud del sector p\u00fablico es un problema para el que no hay una soluci\u00f3n inmediata por una raz\u00f3n muy simple: el dinero del gobierno se est\u00e1 gastando a manos llenas en los programas clientelares que sostienen el \u201c\u00e9xito\u201d pol\u00edtico-electoral del morenato, a cambio de que los enfermos que no pueden pagar un servicio m\u00e9dico privado se aguanten el dolor o, de plano, se mueran.<\/p>\n<p>Es especialmente criminal lo que sucede en las cl\u00ednicas del IMSS y del ISSSTE. Las enormes filas de derechohabientes que cotidianamente est\u00e1n esperando una consulta para que se les recete un medicamento que no est\u00e1 en existencia son una muestra cruel de lo que se ha convertido en una suerte de \u201cadministraci\u00f3n de la muerte\u201d de las personas que, en medio del dolor, aguantan lo m\u00e1s que pueden a que llegue la medicina que los alivie, porque ni con las becas y pensiones de las que se ufana el gobierno y se aprovechan los pol\u00edticos, les alcanza para pagarlas.<\/p>\n<p>\u00bfEs eso lo que caracterizar\u00eda a un gobierno \u201chumanista\u201d? Es claro que no. Pero en estos tiempos la devaluaci\u00f3n de los conceptos va de la mano con la degradaci\u00f3n de la dignidad a la que muchos han estado dispuestos con tal de recibir una prebenda, tolerando a cambio la ineptitud y la corrupci\u00f3n.<\/p>\n<p>Entre la violencia armada y la violencia contra las personas con padecimientos, la muerte es la que se alza triunfante estos 100 d\u00edas.<\/p>\n<p><img loading=\"lazy\" decoding=\"async\" class=\"alignnone wp-image-47935 size-full\" src=\"http:\/\/noticiasveracruz.com\/wp-content\/uploads\/2025\/01\/FIRMA-EDITORIAL-PD-3.jpg\" alt=\"\" width=\"1024\" height=\"125\" srcset=\"https:\/\/noticiasveracruz.com\/wp-content\/uploads\/2025\/01\/FIRMA-EDITORIAL-PD-3.jpg 1024w, https:\/\/noticiasveracruz.com\/wp-content\/uploads\/2025\/01\/FIRMA-EDITORIAL-PD-3-300x37.jpg 300w, https:\/\/noticiasveracruz.com\/wp-content\/uploads\/2025\/01\/FIRMA-EDITORIAL-PD-3-768x94.jpg 768w\" sizes=\"auto, (max-width: 1024px) 100vw, 1024px\" \/><\/p>\n","protected":false},"excerpt":{"rendered":"<p>Por Aurelio Contreras Moreno &nbsp; M\u00e1s all\u00e1 de las cuentas alegres con las que la presidenta Claudia Sheinbaum pretendi\u00f3 \u201ccelebrar\u201d<\/p>\n","protected":false},"author":4,"featured_media":39719,"comment_status":"closed","ping_status":"closed","sticky":false,"template":"","format":"standard","meta":{"colormag_page_container_layout":"default_layout","colormag_page_sidebar_layout":"default_layout","_jetpack_memberships_contains_paid_content":false,"footnotes":"","jetpack_publicize_message":"","jetpack_publicize_feature_enabled":true,"jetpack_social_post_already_shared":true,"jetpack_social_options":{"image_generator_settings":{"template":"highway","default_image_id":0,"font":"","enabled":false},"version":2}},"categories":[6],"tags":[],"class_list":["post-48005","post","type-post","status-publish","format-standard","has-post-thumbnail","hentry","category-columnistas"],"jetpack_publicize_connections":[],"jetpack_featured_media_url":"https:\/\/noticiasveracruz.com\/wp-content\/uploads\/2024\/09\/NV-RUBICA-2.jpg","jetpack_sharing_enabled":true,"publishpress_future_action":{"enabled":false,"date":"2026-05-06 23:31:49","action":"change-status","newStatus":"draft","terms":[],"taxonomy":"category","extraData":[]},"publishpress_future_workflow_manual_trigger":{"enabledWorkflows":[]},"_links":{"self":[{"href":"https:\/\/noticiasveracruz.com\/index.php\/wp-json\/wp\/v2\/posts\/48005","targetHints":{"allow":["GET"]}}],"collection":[{"href":"https:\/\/noticiasveracruz.com\/index.php\/wp-json\/wp\/v2\/posts"}],"about":[{"href":"https:\/\/noticiasveracruz.com\/index.php\/wp-json\/wp\/v2\/types\/post"}],"author":[{"embeddable":true,"href":"https:\/\/noticiasveracruz.com\/index.php\/wp-json\/wp\/v2\/users\/4"}],"replies":[{"embeddable":true,"href":"https:\/\/noticiasveracruz.com\/index.php\/wp-json\/wp\/v2\/comments?post=48005"}],"version-history":[{"count":0,"href":"https:\/\/noticiasveracruz.com\/index.php\/wp-json\/wp\/v2\/posts\/48005\/revisions"}],"wp:featuredmedia":[{"embeddable":true,"href":"https:\/\/noticiasveracruz.com\/index.php\/wp-json\/wp\/v2\/media\/39719"}],"wp:attachment":[{"href":"https:\/\/noticiasveracruz.com\/index.php\/wp-json\/wp\/v2\/media?parent=48005"}],"wp:term":[{"taxonomy":"category","embeddable":true,"href":"https:\/\/noticiasveracruz.com\/index.php\/wp-json\/wp\/v2\/categories?post=48005"},{"taxonomy":"post_tag","embeddable":true,"href":"https:\/\/noticiasveracruz.com\/index.php\/wp-json\/wp\/v2\/tags?post=48005"}],"curies":[{"name":"wp","href":"https:\/\/api.w.org\/{rel}","templated":true}]}}