{"id":47997,"date":"2025-01-15T00:19:08","date_gmt":"2025-01-15T06:19:08","guid":{"rendered":"https:\/\/noticiasveracruz.com\/?p=47997"},"modified":"2025-01-14T23:43:08","modified_gmt":"2025-01-15T05:43:08","slug":"eu-sacaria-a-cuba-de-lista-de-patrocinadores-del-terrorismo-revelan","status":"publish","type":"post","link":"https:\/\/noticiasveracruz.com\/index.php\/2025\/01\/15\/eu-sacaria-a-cuba-de-lista-de-patrocinadores-del-terrorismo-revelan\/","title":{"rendered":"EU sacar\u00eda a Cuba de lista de patrocinadores del terrorismo, revelan"},"content":{"rendered":"<p>El gobierno estadunidense sacar\u00e1 este martes a Cuba de su lista de pa\u00edses patrocinadores del terrorismo, informaron a la AP funcionarios enterados del tema.<\/p>\n<p>Los funcionarios hablaron en condici\u00f3n de anonimato al no estar autorizados para hablar en p\u00fablico de ese tema.<\/p>\n<p>Funcionarios del Consejo de Seguridad Nacional de la Casa Blanca se negaron a comentar sobre el asunto.<\/p>\n<p>La decisi\u00f3n del dem\u00f3crata Biden podr\u00eda quedar anulada en pocos d\u00edas, cuando el republicano Donald Trump tome posesi\u00f3n como presidente de Estados Unidos y Marco Rubio pase a ser secretario de Estado.<\/p>\n<p>Rubio, cuya familia sali\u00f3 de Cuba en los a\u00f1os 50 antes de la revoluci\u00f3n comunista que llev\u00f3 al poder a Fidel Castro, ha sido siempre un proponente de sanciones contra la isla. Rubio asistir\u00e1 el mi\u00e9rcoles a la Comisi\u00f3n de Relaciones Exteriores del Senado para sus audiencias de confirmaci\u00f3n y probablemente en sus declaraciones hablar\u00e1 de sus ra\u00edces cubanas.<\/p>\n","protected":false},"excerpt":{"rendered":"<p>El gobierno estadunidense sacar\u00e1 este martes a Cuba de su lista de pa\u00edses patrocinadores del terrorismo, informaron a la AP<\/p>\n","protected":false},"author":4,"featured_media":47998,"comment_status":"closed","ping_status":"closed","sticky":false,"template":"","format":"standard","meta":{"colormag_page_container_layout":"default_layout","colormag_page_sidebar_layout":"default_layout","_jetpack_memberships_contains_paid_content":false,"footnotes":"","jetpack_publicize_message":"","jetpack_publicize_feature_enabled":true,"jetpack_social_post_already_shared":true,"jetpack_social_options":{"image_generator_settings":{"template":"highway","default_image_id":0,"font":"","enabled":false},"version":2}},"categories":[355],"tags":[],"class_list":["post-47997","post","type-post","status-publish","format-standard","has-post-thumbnail","hentry","category-internacional"],"jetpack_publicize_connections":[],"jetpack_featured_media_url":"https:\/\/noticiasveracruz.com\/wp-content\/uploads\/2025\/01\/AA1sZOn6.jpg","jetpack_sharing_enabled":true,"publishpress_future_action":{"enabled":false,"date":"2026-05-07 00:21:05","action":"change-status","newStatus":"draft","terms":[],"taxonomy":"category","extraData":[]},"publishpress_future_workflow_manual_trigger":{"enabledWorkflows":[]},"_links":{"self":[{"href":"https:\/\/noticiasveracruz.com\/index.php\/wp-json\/wp\/v2\/posts\/47997","targetHints":{"allow":["GET"]}}],"collection":[{"href":"https:\/\/noticiasveracruz.com\/index.php\/wp-json\/wp\/v2\/posts"}],"about":[{"href":"https:\/\/noticiasveracruz.com\/index.php\/wp-json\/wp\/v2\/types\/post"}],"author":[{"embeddable":true,"href":"https:\/\/noticiasveracruz.com\/index.php\/wp-json\/wp\/v2\/users\/4"}],"replies":[{"embeddable":true,"href":"https:\/\/noticiasveracruz.com\/index.php\/wp-json\/wp\/v2\/comments?post=47997"}],"version-history":[{"count":0,"href":"https:\/\/noticiasveracruz.com\/index.php\/wp-json\/wp\/v2\/posts\/47997\/revisions"}],"wp:featuredmedia":[{"embeddable":true,"href":"https:\/\/noticiasveracruz.com\/index.php\/wp-json\/wp\/v2\/media\/47998"}],"wp:attachment":[{"href":"https:\/\/noticiasveracruz.com\/index.php\/wp-json\/wp\/v2\/media?parent=47997"}],"wp:term":[{"taxonomy":"category","embeddable":true,"href":"https:\/\/noticiasveracruz.com\/index.php\/wp-json\/wp\/v2\/categories?post=47997"},{"taxonomy":"post_tag","embeddable":true,"href":"https:\/\/noticiasveracruz.com\/index.php\/wp-json\/wp\/v2\/tags?post=47997"}],"curies":[{"name":"wp","href":"https:\/\/api.w.org\/{rel}","templated":true}]}}