{"id":47982,"date":"2025-01-15T00:14:55","date_gmt":"2025-01-15T06:14:55","guid":{"rendered":"https:\/\/noticiasveracruz.com\/?p=47982"},"modified":"2025-01-14T23:31:52","modified_gmt":"2025-01-15T05:31:52","slug":"celebran-en-morelos-foro-para-elaboracion-del-pnd-2025-2030","status":"publish","type":"post","link":"https:\/\/noticiasveracruz.com\/index.php\/2025\/01\/15\/celebran-en-morelos-foro-para-elaboracion-del-pnd-2025-2030\/","title":{"rendered":"Celebran en Morelos foro para elaboraci\u00f3n del PND 2025-2030"},"content":{"rendered":"<p>El foro de consulta para la conformaci\u00f3n del Plan Nacional de Desarrollo del Gobierno de M\u00e9xico 2025-2030, que ser\u00e1 la gu\u00eda del gobierno de la presidenta Claudia Sheinbaum Pardo para definir las prioridades en materia econ\u00f3mica, social y pol\u00edtica del pa\u00eds, arranc\u00f3 este martes en Morelos, inform\u00f3 el gobierno estatal.<\/p>\n<p>El foro, correspondiente al eje \u201cGobernanza con Justicia y Participaci\u00f3n Ciudadana\u201d Derechos de las comunidades Ind\u00edgenas y Afromexicanas, inici\u00f3 con siete mesas tem\u00e1ticas, y en cada una de estas, representantes de la sociedad civil organizada entregaron sus propuestas.<\/p>\n<p>En su intervenci\u00f3n, la gobernadora, Margarita Gonz\u00e1lez Saravia, afirm\u00f3 que este ejercicio democr\u00e1tico es fundamental porque \u201cse podr\u00e1n incluir las demandas de nuestros pueblos originarios\u201d, que se mantienen vivos con una vasta cultura que se puede apreciar en sus tradiciones, gastronom\u00eda y en su lengua materna.<\/p>\n<p>Tambi\u00e9n se\u00f1al\u00f3 que con el Plan Nacional de Desarrollo en Morelos fortalecer\u00e1 a todos los sectores: infraestructura, campo, educaci\u00f3n.<\/p>\n<p>\u201cPara nosotros es fundamental este foro, para que dentro del Plan Nacional de Desarrollo puedan incluirse las demandas de nuestros pueblos; el 70 por ciento de la poblaci\u00f3n del estado de Morelos es rural, nosotros queremos que a trav\u00e9s de este plan se fortalezcan los temas de infraestructura, de apoyo al campo, de la actividad artesanal, de respeto a la cultura de nuestras comunidades, y eso va a ser posible si se aplica como nuestra presidenta Claudia Sheinbaum ha marcado, si se genera un gobierno federal, estatal y municipal con honradez y con un manejo transparente de los recursos p\u00fablicos\u201d, destac\u00f3 la mandataria estatal.<\/p>\n<p>Por su parte, Raquel Buenrostro S\u00e1nchez, titular de la Secretar\u00eda Anticorrupci\u00f3n y Buen Gobierno, quien acudi\u00f3 en representaci\u00f3n del gobierno federal, indic\u00f3 que la elaboraci\u00f3n colectiva de este plan refleja el compromiso del gobierno de M\u00e9xico con la inclusi\u00f3n, la justicia y sostenibilidad, guiados por los principios del Humanismo Mexicano, donde se pone a las personas en el centro de todas las decisiones.<\/p>\n","protected":false},"excerpt":{"rendered":"<p>El foro de consulta para la conformaci\u00f3n del Plan Nacional de Desarrollo del Gobierno de M\u00e9xico 2025-2030, que ser\u00e1 la<\/p>\n","protected":false},"author":4,"featured_media":47983,"comment_status":"closed","ping_status":"closed","sticky":false,"template":"","format":"standard","meta":{"colormag_page_container_layout":"default_layout","colormag_page_sidebar_layout":"default_layout","_jetpack_memberships_contains_paid_content":false,"footnotes":"","jetpack_publicize_message":"","jetpack_publicize_feature_enabled":true,"jetpack_social_post_already_shared":true,"jetpack_social_options":{"image_generator_settings":{"template":"highway","default_image_id":0,"font":"","enabled":false},"version":2}},"categories":[145],"tags":[],"class_list":["post-47982","post","type-post","status-publish","format-standard","has-post-thumbnail","hentry","category-estados"],"jetpack_publicize_connections":[],"jetpack_featured_media_url":"https:\/\/noticiasveracruz.com\/wp-content\/uploads\/2025\/01\/mor.jpg","jetpack_sharing_enabled":true,"publishpress_future_action":{"enabled":false,"date":"2026-05-10 10:53:01","action":"change-status","newStatus":"draft","terms":[],"taxonomy":"category","extraData":[]},"publishpress_future_workflow_manual_trigger":{"enabledWorkflows":[]},"_links":{"self":[{"href":"https:\/\/noticiasveracruz.com\/index.php\/wp-json\/wp\/v2\/posts\/47982","targetHints":{"allow":["GET"]}}],"collection":[{"href":"https:\/\/noticiasveracruz.com\/index.php\/wp-json\/wp\/v2\/posts"}],"about":[{"href":"https:\/\/noticiasveracruz.com\/index.php\/wp-json\/wp\/v2\/types\/post"}],"author":[{"embeddable":true,"href":"https:\/\/noticiasveracruz.com\/index.php\/wp-json\/wp\/v2\/users\/4"}],"replies":[{"embeddable":true,"href":"https:\/\/noticiasveracruz.com\/index.php\/wp-json\/wp\/v2\/comments?post=47982"}],"version-history":[{"count":0,"href":"https:\/\/noticiasveracruz.com\/index.php\/wp-json\/wp\/v2\/posts\/47982\/revisions"}],"wp:featuredmedia":[{"embeddable":true,"href":"https:\/\/noticiasveracruz.com\/index.php\/wp-json\/wp\/v2\/media\/47983"}],"wp:attachment":[{"href":"https:\/\/noticiasveracruz.com\/index.php\/wp-json\/wp\/v2\/media?parent=47982"}],"wp:term":[{"taxonomy":"category","embeddable":true,"href":"https:\/\/noticiasveracruz.com\/index.php\/wp-json\/wp\/v2\/categories?post=47982"},{"taxonomy":"post_tag","embeddable":true,"href":"https:\/\/noticiasveracruz.com\/index.php\/wp-json\/wp\/v2\/tags?post=47982"}],"curies":[{"name":"wp","href":"https:\/\/api.w.org\/{rel}","templated":true}]}}