{"id":47979,"date":"2025-01-15T00:13:38","date_gmt":"2025-01-15T06:13:38","guid":{"rendered":"https:\/\/noticiasveracruz.com\/?p=47979"},"modified":"2025-01-14T23:29:41","modified_gmt":"2025-01-15T05:29:41","slug":"defensores-del-agua-exigen-frenar-danos-de-granjas-carroll-en-veracruz","status":"publish","type":"post","link":"https:\/\/noticiasveracruz.com\/index.php\/2025\/01\/15\/defensores-del-agua-exigen-frenar-danos-de-granjas-carroll-en-veracruz\/","title":{"rendered":"Defensores del agua exigen frenar da\u00f1os de Granjas Carroll en Veracruz"},"content":{"rendered":"<p>Campesinos de Totalco, Perote, e integrantes del Movimiento de Defensa del Agua, de la Cuenca Libres Oriental de Puebla-Perote, presentaron un pliego petitorio a la gobernadora de Veracruz, Roc\u00edo Nahle Garc\u00eda, para exigir una verdadera soluci\u00f3n ante la problem\u00e1tica que representa Granjas Carroll en la entidad, as\u00ed como para pedir justicia por el asesinato de dos compa\u00f1eros durante una manifestaci\u00f3n en 2024.<\/p>\n<p>Renato Romero, vocero de los inconformes, se\u00f1al\u00f3 que durante muchos a\u00f1os han exigido a las autoridades estatales y federales tomar cartas en el asunto sobre las afectaciones que las granjas productoras de cerdos generan en los municipios en los que se encuentran instaladas, y sin embargo no han tenido respuesta.<\/p>\n<p>Se\u00f1al\u00f3 que en el pliego petitorio hay exigencias en torno al derecho al acceso al agua para los campesinos, as\u00ed como la implementaci\u00f3n de castigos y sanciones ejemplares a las empresas que han contaminado el agua y el medio ambiente en general.<\/p>\n<p>Dijo que una de las principales peticiones es que las y los legisladores creen leyes que sancionen, como delito grave, a quienes por medio de diversos m\u00e9todos, alteren el ciclo de las lluvias en los municipios en los que operan.<\/p>\n<p>\u201cPedimos a la gobernadora Roc\u00edo Nahle, su intervenci\u00f3n para que Semarnat retire los permisos ambientales a todas las empresas extranjeras o del pa\u00eds y la Conagua les cancele las concesiones de agua por estar causando graves da\u00f1os al medio ambiente\u201d, indic\u00f3.<\/p>\n<p>A\u00f1adi\u00f3 que a pesar de que se hab\u00eda anunciado la clausura de Granjas Carroll en Perote, Veracruz, est\u00e1s siguen operando en impunidad y simulando una supuesta protecci\u00f3n al medio ambiente.<\/p>\n<p>Asever\u00f3 que por este motivo, empresas de este tipo deben ser expulsadas de manera inmediata de los estados de Veracruz y Puebla, pues con la crianza de cerdos y la contaminaci\u00f3n que generan, \u00fanicamente afectan a la gente del campo.<\/p>\n<p>Dijo que por ello espera que la gobernadora de Veracruz escuche sus exigencias y tome cartas en el asunto lo antes posible, pues de lo contrario continuar\u00e1n las manifestaciones.<\/p>\n<p>\u201cNunca cerraron nada, los 51 m\u00f3dulos en municipios de Veracruz siguen trabajando, igual en Puebla, (\u2026) Granjas Carroll tiene m\u00e1s de 100 corrales en ambos estados, en m\u00e1s de 8 municipios\u201d, acus\u00f3.<\/p>\n<p>Record\u00f3 que fue el pasado mes de junio cuando elementos de la Fuerza Civil asesinaron a dos campesinos que se manifestaban en contra de Granjas Carroll, en el pueblo de Totalco, municipio de Papantla, Veracruz.<\/p>\n<p>Expres\u00f3 que a\u00fan cuando hay detenidos, algunos responsables siguen en libertad sin que se haga una verdadera justicia para las familias y amigos de las v\u00edctimas.<\/p>\n<p>\u201cLo que nosotros exigimos es que se haga justicia humanitaria, hay dos asesinados, tienen responsabilidad decenas de polic\u00edas, porque todos dispararon, hay responsabilidad intelectual del gobernador, del secretario de Seguridad\u201d, coment\u00f3.<\/p>\n","protected":false},"excerpt":{"rendered":"<p>Campesinos de Totalco, Perote, e integrantes del Movimiento de Defensa del Agua, de la Cuenca Libres Oriental de Puebla-Perote, presentaron<\/p>\n","protected":false},"author":4,"featured_media":47980,"comment_status":"closed","ping_status":"closed","sticky":false,"template":"","format":"standard","meta":{"colormag_page_container_layout":"default_layout","colormag_page_sidebar_layout":"default_layout","_jetpack_memberships_contains_paid_content":false,"footnotes":"","jetpack_publicize_message":"","jetpack_publicize_feature_enabled":true,"jetpack_social_post_already_shared":true,"jetpack_social_options":{"image_generator_settings":{"template":"highway","default_image_id":0,"font":"","enabled":false},"version":2}},"categories":[145],"tags":[],"class_list":["post-47979","post","type-post","status-publish","format-standard","has-post-thumbnail","hentry","category-estados"],"jetpack_publicize_connections":[],"jetpack_featured_media_url":"https:\/\/noticiasveracruz.com\/wp-content\/uploads\/2025\/01\/verd.jpg","jetpack_sharing_enabled":true,"publishpress_future_action":{"enabled":false,"date":"2026-05-10 09:42:24","action":"change-status","newStatus":"draft","terms":[],"taxonomy":"category","extraData":[]},"publishpress_future_workflow_manual_trigger":{"enabledWorkflows":[]},"_links":{"self":[{"href":"https:\/\/noticiasveracruz.com\/index.php\/wp-json\/wp\/v2\/posts\/47979","targetHints":{"allow":["GET"]}}],"collection":[{"href":"https:\/\/noticiasveracruz.com\/index.php\/wp-json\/wp\/v2\/posts"}],"about":[{"href":"https:\/\/noticiasveracruz.com\/index.php\/wp-json\/wp\/v2\/types\/post"}],"author":[{"embeddable":true,"href":"https:\/\/noticiasveracruz.com\/index.php\/wp-json\/wp\/v2\/users\/4"}],"replies":[{"embeddable":true,"href":"https:\/\/noticiasveracruz.com\/index.php\/wp-json\/wp\/v2\/comments?post=47979"}],"version-history":[{"count":0,"href":"https:\/\/noticiasveracruz.com\/index.php\/wp-json\/wp\/v2\/posts\/47979\/revisions"}],"wp:featuredmedia":[{"embeddable":true,"href":"https:\/\/noticiasveracruz.com\/index.php\/wp-json\/wp\/v2\/media\/47980"}],"wp:attachment":[{"href":"https:\/\/noticiasveracruz.com\/index.php\/wp-json\/wp\/v2\/media?parent=47979"}],"wp:term":[{"taxonomy":"category","embeddable":true,"href":"https:\/\/noticiasveracruz.com\/index.php\/wp-json\/wp\/v2\/categories?post=47979"},{"taxonomy":"post_tag","embeddable":true,"href":"https:\/\/noticiasveracruz.com\/index.php\/wp-json\/wp\/v2\/tags?post=47979"}],"curies":[{"name":"wp","href":"https:\/\/api.w.org\/{rel}","templated":true}]}}