{"id":47976,"date":"2025-01-15T00:12:41","date_gmt":"2025-01-15T06:12:41","guid":{"rendered":"https:\/\/noticiasveracruz.com\/?p=47976"},"modified":"2025-01-14T23:26:36","modified_gmt":"2025-01-15T05:26:36","slug":"advierte-canciller-de-la-fuente-sobre-riesgos-por-imposicion-de-aranceles","status":"publish","type":"post","link":"https:\/\/noticiasveracruz.com\/index.php\/2025\/01\/15\/advierte-canciller-de-la-fuente-sobre-riesgos-por-imposicion-de-aranceles\/","title":{"rendered":"Advierte canciller De la Fuente sobre riesgos por imposici\u00f3n de aranceles"},"content":{"rendered":"<p>El canciller Juan Ram\u00f3n de la Fuente defendi\u00f3 el Tratado M\u00e9xico-Estados Unidos-Canad\u00e1 (T-MEC) y advirti\u00f3 que la imposici\u00f3n de cualquier tipo de arancel \u201cser\u00eda perjudicial\u201d para las econom\u00edas de Norteam\u00e9rica.<\/p>\n<p>Durante una gira de trabajo que realiz\u00f3 este martes por Phoenix, Arizona, Estados Unidos, el encargado de la pol\u00edtica exterior del gobierno mexicano remarc\u00f3 que el pa\u00eds est\u00e1 preparado ante eventuales deportaciones masivas de connacionales decretadas por Washington.<\/p>\n<p>En un intercambio con reporteros de aquella ciudad, el funcionario mexicano fue cuestionado sobre algunas de las amenazas que ha lanzado el pr\u00f3ximo presidente de Estados Unidos, Donald Trump, quien ha asegurado que impondr\u00e1 aranceles a M\u00e9xico y Canad\u00e1 y que endurecer\u00e1 sus pol\u00edticas antimigratorias.<\/p>\n<p>En torno al tratado comercial, el canciller De la Fuente indic\u00f3 que la defensa del gobierno de Claudia Sheinbaum de ese acuerdo se basar\u00e1 en hechos y no en ideolog\u00edas.<\/p>\n<p>\u201cEl T-MEC, que se cre\u00f3 bajo el primer mandato del presidente Trump, ha sido muy ben\u00e9fico para los tres pa\u00edses y esa es la raz\u00f3n principal por la que deber\u00edamos intentar mantenerlo y mejorarlo\u201d.<\/p>\n<p>Sobre los amagos del republicano de imponer aranceles de 25 por ciento a M\u00e9xico y Canad\u00e1, De la Fuente revir\u00f3: \u201cSi impones aranceles, matas el libre comercio\u201d.<\/p>\n<p>Asever\u00f3 que s\u00f3lo manteniendo el mercado norteamericano unido se podr\u00e1 enfrentar el reto de China y otras regiones globales.<\/p>\n<p>\u201cLa pregunta que yo plantear\u00eda es: \u00bfPor qu\u00e9 no analizamos las cifras de forma objetiva, rigurosa? \u00bfQu\u00e9 ha aportado el libre comercio a las tres naciones en los \u00faltimos a\u00f1os? Este T-MEC fue una buena idea, porque ha funcionado. Afirmamos que s\u00ed est\u00e1 funcionando, sigamos trabajando en ello. Hag\u00e1moslo a\u00fan m\u00e1s eficiente\u201d.<\/p>\n<p>Interrogado sobre el planteamiento de Trump de hacer deportaciones masivas de personas migrantes indocumentados, el titular de la Secretar\u00eda de Relaciones Exteriores afirm\u00f3 que M\u00e9xico defender\u00e1 los derechos de las personas, pero a\u00fan as\u00ed est\u00e1 preparado ante cualquier posibilidad de deportaciones.<\/p>\n<p>Si bien reconoci\u00f3 que a\u00fan no se conoce la magnitud o la din\u00e1mica las deportaciones anunciadas por el magnate, el canciller expres\u00f3: \u201cEstamos preparados para recibir, y recibir, desde luego, con los brazos abiertos a todas y a todos los migrantes mexicanos que decidan regresar o que se vean precisados a regresar. Y estamos preparados para recibirlos con enorme dignidad como se lo merecen, independientemente de su estatus migratorio\u201d.<\/p>\n<p>Asever\u00f3 que M\u00e9xico contra tanto empleos como servicios m\u00e9dicos y educativos, y otras medidas para recibir a los migrantes.<\/p>\n<p>Agreg\u00f3 que \u201cla gente tiene derechos, los migrantes tienen derechos y queremos que sus derechos se respeten y se observen. Aquellos que tengan una orden final de deportaci\u00f3n, pues son a los que vamos a recibir en M\u00e9xico\u201d.<\/p>\n<p>Se bas\u00f3 en cifras para destacar la colaboraci\u00f3n de M\u00e9xico con Estados Unidos en materia migratoria.<\/p>\n<p>Se\u00f1al\u00f3 que datos del Servicio de Inmigraci\u00f3n y Control de Aduanas de Estados Unidos (ICE, por sus siglas en ingl\u00e9s) muestran una reducci\u00f3n del 75 por ciento en el flujo irregular durante el \u00faltimo a\u00f1o. \u201cEsos son los hechos, el modelo ha funcionado. Por supuesto que se puede mejorar\u201d, subray\u00f3.<\/p>\n<p>Durante su visita a Arizona, De la Fuente se reuni\u00f3 con la gobernadora de ese estado, Katie Hobbs, as\u00ed como con l\u00edderes del Congreso local.<\/p>\n<p>Afirm\u00f3 que la mandataria de Arizona \u201ctiene un gran conocimiento de la relaci\u00f3n con M\u00e9xico, tiene una gran simpat\u00eda por las posiciones de M\u00e9xico, y la consideramos alguien que ha sido, y va a seguir siendo, una aliada muy importante\u201d.<\/p>\n<p>En tanto, agreg\u00f3, en el Congreso del estado coincidi\u00f3 con algunos de los l\u00edderes del legislativo en el an\u00e1lisis respecto a que la relaci\u00f3n bilateral deja m\u00e1s resultados positivos en la balanza.<\/p>\n<p>Como parte de su visita a ese estado \u2014que fue una instrucci\u00f3n de la presidenta\u2014, el canciller tambi\u00e9n tendr\u00e1 encuentros con autoridades migratorias.<\/p>\n","protected":false},"excerpt":{"rendered":"<p>El canciller Juan Ram\u00f3n de la Fuente defendi\u00f3 el Tratado M\u00e9xico-Estados Unidos-Canad\u00e1 (T-MEC) y advirti\u00f3 que la imposici\u00f3n de cualquier<\/p>\n","protected":false},"author":4,"featured_media":47977,"comment_status":"closed","ping_status":"closed","sticky":false,"template":"","format":"standard","meta":{"colormag_page_container_layout":"default_layout","colormag_page_sidebar_layout":"default_layout","_jetpack_memberships_contains_paid_content":false,"footnotes":"","jetpack_publicize_message":"","jetpack_publicize_feature_enabled":true,"jetpack_social_post_already_shared":true,"jetpack_social_options":{"image_generator_settings":{"template":"highway","default_image_id":0,"font":"","enabled":false},"version":2}},"categories":[1947],"tags":[],"class_list":["post-47976","post","type-post","status-publish","format-standard","has-post-thumbnail","hentry","category-economia"],"jetpack_publicize_connections":[],"jetpack_featured_media_url":"https:\/\/noticiasveracruz.com\/wp-content\/uploads\/2025\/01\/PHOTO-2025-01-14-19-17-39.jpg","jetpack_sharing_enabled":true,"publishpress_future_action":{"enabled":false,"date":"2026-05-10 08:51:00","action":"change-status","newStatus":"draft","terms":[],"taxonomy":"category","extraData":[]},"publishpress_future_workflow_manual_trigger":{"enabledWorkflows":[]},"_links":{"self":[{"href":"https:\/\/noticiasveracruz.com\/index.php\/wp-json\/wp\/v2\/posts\/47976","targetHints":{"allow":["GET"]}}],"collection":[{"href":"https:\/\/noticiasveracruz.com\/index.php\/wp-json\/wp\/v2\/posts"}],"about":[{"href":"https:\/\/noticiasveracruz.com\/index.php\/wp-json\/wp\/v2\/types\/post"}],"author":[{"embeddable":true,"href":"https:\/\/noticiasveracruz.com\/index.php\/wp-json\/wp\/v2\/users\/4"}],"replies":[{"embeddable":true,"href":"https:\/\/noticiasveracruz.com\/index.php\/wp-json\/wp\/v2\/comments?post=47976"}],"version-history":[{"count":0,"href":"https:\/\/noticiasveracruz.com\/index.php\/wp-json\/wp\/v2\/posts\/47976\/revisions"}],"wp:featuredmedia":[{"embeddable":true,"href":"https:\/\/noticiasveracruz.com\/index.php\/wp-json\/wp\/v2\/media\/47977"}],"wp:attachment":[{"href":"https:\/\/noticiasveracruz.com\/index.php\/wp-json\/wp\/v2\/media?parent=47976"}],"wp:term":[{"taxonomy":"category","embeddable":true,"href":"https:\/\/noticiasveracruz.com\/index.php\/wp-json\/wp\/v2\/categories?post=47976"},{"taxonomy":"post_tag","embeddable":true,"href":"https:\/\/noticiasveracruz.com\/index.php\/wp-json\/wp\/v2\/tags?post=47976"}],"curies":[{"name":"wp","href":"https:\/\/api.w.org\/{rel}","templated":true}]}}