{"id":47970,"date":"2025-01-15T00:10:42","date_gmt":"2025-01-15T06:10:42","guid":{"rendered":"https:\/\/noticiasveracruz.com\/?p=47970"},"modified":"2025-01-14T23:12:37","modified_gmt":"2025-01-15T05:12:37","slug":"para-el-supertazon-mexico-mandara-110-mil-toneladas-de-aguacate","status":"publish","type":"post","link":"https:\/\/noticiasveracruz.com\/index.php\/2025\/01\/15\/para-el-supertazon-mexico-mandara-110-mil-toneladas-de-aguacate\/","title":{"rendered":"Para el Supertaz\u00f3n, M\u00e9xico mandar\u00e1 110 mil toneladas de aguacate"},"content":{"rendered":"<p dir=\"ltr\">Las exportaciones de aguacate relacionadas con la celebraci\u00f3n del Supertaz\u00f3n que se celebrar\u00e1 el pr\u00f3ximo domingo 9 de febrero en Estados Unidos, ascender\u00e1n a aproximadamente 110 mil toneladas, seg\u00fan estimaciones de la Asociaci\u00f3n de Productores y Empacadores Exportadores de Aguacate de M\u00e9xico (Apeam).<\/p>\n<p dir=\"ltr\">\u201cLa exportaci\u00f3n de 110 mil toneladas de aguacate es un reflejo del arduo trabajo, adaptaci\u00f3n y dedicaci\u00f3n de miles de mexicanos entre productores, empacadores, ingenieros agr\u00f3nomos, t\u00e9cnicos de campo, supervisores, seleccionadoras de frutas, entre otros\u201d, se\u00f1al\u00f3 el organismo en un comunicado.<\/p>\n<p dir=\"ltr\">Destac\u00f3 que el aguacate Hass se ha convertido en un elemento esencial de las reuniones del Supertaz\u00f3n, especialmente como el protagonista del famoso guacamole.<\/p>\n<p>Este evento, indic\u00f3 la Apeam, conlleva un significativo impacto en la econom\u00eda mexicana y estadunidense, mientras que todo este proceso se lleva a cabo bajo las m\u00e1s estrictas medidas de fitosanidad, inocuidad y calidad siendo l\u00edderes en la producci\u00f3n a nivel mundial.<\/p>\n<p dir=\"ltr\">Actualmente Estados Unidos es el principal consumidor de aguacate, elevando su consumo per c\u00e1pita a los 4.1 kilogramos, sin embargo, los aguacates de M\u00e9xico actualmente se exportan a m\u00e1s de 34 pa\u00edses en todo el mundo.<\/p>\n<p dir=\"ltr\">Para esta temporada Avocados From Mexico como parte de la campa\u00f1a nacional se asoci\u00f3 con el ic\u00f3nico Rob Gronkowski, exjugador profesional del futbol americano, para apoyar a los compradores a prepararse para sus fiestas del Super Bowl.<\/p>\n<p dir=\"ltr\">\n","protected":false},"excerpt":{"rendered":"<p>Las exportaciones de aguacate relacionadas con la celebraci\u00f3n del Supertaz\u00f3n que se celebrar\u00e1 el pr\u00f3ximo domingo 9 de febrero en<\/p>\n","protected":false},"author":4,"featured_media":47971,"comment_status":"closed","ping_status":"closed","sticky":false,"template":"","format":"standard","meta":{"colormag_page_container_layout":"default_layout","colormag_page_sidebar_layout":"default_layout","_jetpack_memberships_contains_paid_content":false,"footnotes":"","jetpack_publicize_message":"","jetpack_publicize_feature_enabled":true,"jetpack_social_post_already_shared":true,"jetpack_social_options":{"image_generator_settings":{"template":"highway","default_image_id":0,"font":"","enabled":false},"version":2}},"categories":[1947],"tags":[],"class_list":["post-47970","post","type-post","status-publish","format-standard","has-post-thumbnail","hentry","category-economia"],"jetpack_publicize_connections":[],"jetpack_featured_media_url":"https:\/\/noticiasveracruz.com\/wp-content\/uploads\/2025\/01\/regaber_cultivos_frutales_aguacate_02.jpg","jetpack_sharing_enabled":true,"publishpress_future_action":{"enabled":false,"date":"2026-05-10 05:42:55","action":"change-status","newStatus":"draft","terms":[],"taxonomy":"category","extraData":[]},"publishpress_future_workflow_manual_trigger":{"enabledWorkflows":[]},"_links":{"self":[{"href":"https:\/\/noticiasveracruz.com\/index.php\/wp-json\/wp\/v2\/posts\/47970","targetHints":{"allow":["GET"]}}],"collection":[{"href":"https:\/\/noticiasveracruz.com\/index.php\/wp-json\/wp\/v2\/posts"}],"about":[{"href":"https:\/\/noticiasveracruz.com\/index.php\/wp-json\/wp\/v2\/types\/post"}],"author":[{"embeddable":true,"href":"https:\/\/noticiasveracruz.com\/index.php\/wp-json\/wp\/v2\/users\/4"}],"replies":[{"embeddable":true,"href":"https:\/\/noticiasveracruz.com\/index.php\/wp-json\/wp\/v2\/comments?post=47970"}],"version-history":[{"count":0,"href":"https:\/\/noticiasveracruz.com\/index.php\/wp-json\/wp\/v2\/posts\/47970\/revisions"}],"wp:featuredmedia":[{"embeddable":true,"href":"https:\/\/noticiasveracruz.com\/index.php\/wp-json\/wp\/v2\/media\/47971"}],"wp:attachment":[{"href":"https:\/\/noticiasveracruz.com\/index.php\/wp-json\/wp\/v2\/media?parent=47970"}],"wp:term":[{"taxonomy":"category","embeddable":true,"href":"https:\/\/noticiasveracruz.com\/index.php\/wp-json\/wp\/v2\/categories?post=47970"},{"taxonomy":"post_tag","embeddable":true,"href":"https:\/\/noticiasveracruz.com\/index.php\/wp-json\/wp\/v2\/tags?post=47970"}],"curies":[{"name":"wp","href":"https:\/\/api.w.org\/{rel}","templated":true}]}}