{"id":47961,"date":"2025-01-15T00:07:44","date_gmt":"2025-01-15T06:07:44","guid":{"rendered":"https:\/\/noticiasveracruz.com\/?p=47961"},"modified":"2025-01-14T23:05:45","modified_gmt":"2025-01-15T05:05:45","slug":"podria-pjf-quedarse-sin-candidatos-para-eleccion-judicial-esquivel","status":"publish","type":"post","link":"https:\/\/noticiasveracruz.com\/index.php\/2025\/01\/15\/podria-pjf-quedarse-sin-candidatos-para-eleccion-judicial-esquivel\/","title":{"rendered":"Podr\u00eda PJF quedarse sin candidatos para elecci\u00f3n judicial: Esquivel"},"content":{"rendered":"<p class=\"western\">La ministra Yasm\u00edn Esquivel Mossa advirti\u00f3 que el Poder Judicial de la Federaci\u00f3n (PJF) podr\u00eda quedarse sin proponer candidatos para la elecci\u00f3n judicial del 1 de junio de este a\u00f1o por las decisiones de un juez federal \u201csin competencia\u201d en la materia, del Comit\u00e9 de Evaluaci\u00f3n del PJF y del Pleno de la Suprema Corte de Justicia de la Naci\u00f3n (SCJN).<\/p>\n<p class=\"western\">En un video que subi\u00f3 este martes en redes sociales, la togada se\u00f1al\u00f3 que el Comit\u00e9 de Evaluaci\u00f3n del PJF suspendi\u00f3 desde el 7 de enero pasado el proceso de elecci\u00f3n de candidatos a jueces, magistrados y ministros al acatar la primera suspensi\u00f3n definitiva emitida por un juez federal de Michoac\u00e1n, que orden\u00f3 a los comit\u00e9s del Judicial, Ejecutivo y Legislativo frenar su labor por un amparo contra la reforma judicial.<\/p>\n<p class=\"western\">\u201cLa ciudadan\u00eda no va a poder votar por los candidatos del Poder Judicial porque ha suspendido el procedimiento el Comit\u00e9 de Evaluaci\u00f3n. Ya el pleno de la Corte determin\u00f3 que este decreto es materia electoral. Evidentemente, el juez de distrito es incompetente para admitir e incompetente para la suspensi\u00f3n, abrir el incidente, y emitir la suspensi\u00f3n definitiva\u201d, dijo.<\/p>\n<p class=\"western\">La ministra tambi\u00e9n critic\u00f3 que en sesi\u00f3n privada, el pleno de la Corte determin\u00f3 el pasado lunes no revocar la suspensi\u00f3n que el Comit\u00e9 de Evaluaci\u00f3n del PJF emiti\u00f3 para frenar su proceso de selecci\u00f3n.<\/p>\n<p class=\"western\">\u201cMe parece muy delicado que no haya candidatos el 8 de febrero que tenga que enviar el Comit\u00e9 de Evaluaci\u00f3n del Poder Judicial al Senado de la Rep\u00fablica y se quede el Comit\u00e9 de Evaluaci\u00f3n del Poder Judicial sin candidatos. Hay m\u00e1s de mil personas inscritas en un estado de incertidumbre esperando que contin\u00faen los trabajos de este una violaci\u00f3n a los derechos pol\u00edtico-electorales de los aspirantes a jueces, magistrados, y ministros\u201d, destac\u00f3.<\/p>\n","protected":false},"excerpt":{"rendered":"<p>La ministra Yasm\u00edn Esquivel Mossa advirti\u00f3 que el Poder Judicial de la Federaci\u00f3n (PJF) podr\u00eda quedarse sin proponer candidatos para<\/p>\n","protected":false},"author":4,"featured_media":47962,"comment_status":"closed","ping_status":"closed","sticky":false,"template":"","format":"standard","meta":{"colormag_page_container_layout":"default_layout","colormag_page_sidebar_layout":"default_layout","_jetpack_memberships_contains_paid_content":false,"footnotes":"","jetpack_publicize_message":"","jetpack_publicize_feature_enabled":true,"jetpack_social_post_already_shared":true,"jetpack_social_options":{"image_generator_settings":{"template":"highway","default_image_id":0,"font":"","enabled":false},"version":2}},"categories":[4],"tags":[],"class_list":["post-47961","post","type-post","status-publish","format-standard","has-post-thumbnail","hentry","category-nacional"],"jetpack_publicize_connections":[],"jetpack_featured_media_url":"https:\/\/noticiasveracruz.com\/wp-content\/uploads\/2025\/01\/th-4.jpg","jetpack_sharing_enabled":true,"publishpress_future_action":{"enabled":false,"date":"2026-05-08 12:54:38","action":"change-status","newStatus":"draft","terms":[],"taxonomy":"category","extraData":[]},"publishpress_future_workflow_manual_trigger":{"enabledWorkflows":[]},"_links":{"self":[{"href":"https:\/\/noticiasveracruz.com\/index.php\/wp-json\/wp\/v2\/posts\/47961","targetHints":{"allow":["GET"]}}],"collection":[{"href":"https:\/\/noticiasveracruz.com\/index.php\/wp-json\/wp\/v2\/posts"}],"about":[{"href":"https:\/\/noticiasveracruz.com\/index.php\/wp-json\/wp\/v2\/types\/post"}],"author":[{"embeddable":true,"href":"https:\/\/noticiasveracruz.com\/index.php\/wp-json\/wp\/v2\/users\/4"}],"replies":[{"embeddable":true,"href":"https:\/\/noticiasveracruz.com\/index.php\/wp-json\/wp\/v2\/comments?post=47961"}],"version-history":[{"count":0,"href":"https:\/\/noticiasveracruz.com\/index.php\/wp-json\/wp\/v2\/posts\/47961\/revisions"}],"wp:featuredmedia":[{"embeddable":true,"href":"https:\/\/noticiasveracruz.com\/index.php\/wp-json\/wp\/v2\/media\/47962"}],"wp:attachment":[{"href":"https:\/\/noticiasveracruz.com\/index.php\/wp-json\/wp\/v2\/media?parent=47961"}],"wp:term":[{"taxonomy":"category","embeddable":true,"href":"https:\/\/noticiasveracruz.com\/index.php\/wp-json\/wp\/v2\/categories?post=47961"},{"taxonomy":"post_tag","embeddable":true,"href":"https:\/\/noticiasveracruz.com\/index.php\/wp-json\/wp\/v2\/tags?post=47961"}],"curies":[{"name":"wp","href":"https:\/\/api.w.org\/{rel}","templated":true}]}}