{"id":47937,"date":"2025-01-14T00:22:40","date_gmt":"2025-01-14T06:22:40","guid":{"rendered":"https:\/\/noticiasveracruz.com\/?p=47937"},"modified":"2025-01-13T23:14:39","modified_gmt":"2025-01-14T05:14:39","slug":"bertha-maria-alcalde-lujan","status":"publish","type":"post","link":"https:\/\/noticiasveracruz.com\/index.php\/2025\/01\/14\/bertha-maria-alcalde-lujan\/","title":{"rendered":"BERTHA MAR\u00cdA ALCALDE LUJ\u00c1N"},"content":{"rendered":"<p>Claro est\u00e1 que en \u00e9sta gesti\u00f3n que inicia \u00a0la nueva fiscal General de Justicia de la Ciudad de M\u00e9xico,\u00a0 la licenciada Bertha Mar\u00eda Alcalde Luj\u00e1n, va a encontrar una fuente caudalosa de injusticias,\u00a0 abusos de poder,\u00a0 incorrectas interpretaciones del C\u00f3digo Penal,\u00a0 reclamaciones,\u00a0 agravios a la ciudadan\u00eda, arbitrariedades,\u00a0 tr\u00e1fico de influencias, corrupciones, procacidades a la justicia\u00a0 y miles de etc\u00e9teras, las cuales los ciudadanos de la ciudad seguimos a trav\u00e9s de los medios de comunicaci\u00f3n y redes sociales.<\/p>\n<p>A la nueva fiscal alguien le tiene que informar que por desventura la justicia que debe procurarse en la capital, se encuentra invadida por poderos\u00edsimas mafias de funcionarios y agentes del ministerio p\u00fablico, los cuales\u00a0\u00a0 obtienen\u00a0 millonarias ganancias por actos de corrupci\u00f3n derivadas de la ingerencia de politicos, servidores p\u00fablicos\u00a0\u00a0 y abogados sin escr\u00fapulos que previamente obtienen acuerdos para desviar la ley.<\/p>\n<p>Pero todav\u00eda hay m\u00e1s. Estas corrupciones\u00a0 quedan p\u00e1lidas ante el caso de Regina Seemann Audiffred y sus tres menores hijos. Esa madre denunci\u00f3 ante la fiscal\u00eda a su ex c\u00f3nyuge por unas aberrantes conductas antisociales que da\u00f1aron la integridad emocional de sus infantes.\u00a0 La Fiscal\u00eda General de Justicia de la Ciudad de M\u00e9xico, ante cuestiones de tal naturaleza, trat\u00f3 de evitar esa investigaci\u00f3n y procedi\u00f3 ipso facto el buscar encarcelarla.\u00a0 El malhechor familiar acus\u00f3 a la v\u00edctima y se procedi\u00f3 con fulminante celeridad a judicializarla.<\/p>\n<p>La actuaci\u00f3n por corrupci\u00f3n de funcionarios p\u00fablicos de la se\u00f1alada instituci\u00f3n, adem\u00e1s, emitieron una alerta AMBER a solicitud y capricho del verdadero infractor de la ley penal.\u00a0 Los actos de abuso de poder y tr\u00e1fico de influencias en el referido caso \u00a0han puesto a la\u00a0 justicia en una seria dubitaci\u00f3n.<\/p>\n<p><em>\u00a0<\/em>Hay ofensas pol\u00edticas y jur\u00eddicas que la licenciada Bertha Mar\u00eda Alcalde Luj\u00e1n en su car\u00e1cter de Fiscal General de Justicia de la Ciudad de M\u00e9xico no deben, ni tienen que se desatendidas, mucho menos ignoradas.<\/p>\n<p>Es cu\u00e1nto.<\/p>\n<p><img loading=\"lazy\" decoding=\"async\" class=\"alignnone wp-image-47935 size-full\" src=\"http:\/\/noticiasveracruz.com\/wp-content\/uploads\/2025\/01\/FIRMA-EDITORIAL-PD-3.jpg\" alt=\"\" width=\"1024\" height=\"125\" srcset=\"https:\/\/noticiasveracruz.com\/wp-content\/uploads\/2025\/01\/FIRMA-EDITORIAL-PD-3.jpg 1024w, https:\/\/noticiasveracruz.com\/wp-content\/uploads\/2025\/01\/FIRMA-EDITORIAL-PD-3-300x37.jpg 300w, https:\/\/noticiasveracruz.com\/wp-content\/uploads\/2025\/01\/FIRMA-EDITORIAL-PD-3-768x94.jpg 768w\" sizes=\"auto, (max-width: 1024px) 100vw, 1024px\" \/><\/p>\n","protected":false},"excerpt":{"rendered":"<p>Claro est\u00e1 que en \u00e9sta gesti\u00f3n que inicia \u00a0la nueva fiscal General de Justicia de la Ciudad de M\u00e9xico,\u00a0 la<\/p>\n","protected":false},"author":4,"featured_media":39651,"comment_status":"closed","ping_status":"closed","sticky":false,"template":"","format":"standard","meta":{"colormag_page_container_layout":"default_layout","colormag_page_sidebar_layout":"default_layout","_jetpack_memberships_contains_paid_content":false,"footnotes":"","jetpack_publicize_message":"","jetpack_publicize_feature_enabled":true,"jetpack_social_post_already_shared":true,"jetpack_social_options":{"image_generator_settings":{"template":"highway","default_image_id":0,"font":"","enabled":false},"version":2}},"categories":[1],"tags":[],"class_list":["post-47937","post","type-post","status-publish","format-standard","has-post-thumbnail","hentry","category-sin-categoria"],"jetpack_publicize_connections":[],"jetpack_featured_media_url":"https:\/\/noticiasveracruz.com\/wp-content\/uploads\/2024\/09\/NV-ALBERTO-WOOLRICH-2.jpg","jetpack_sharing_enabled":true,"publishpress_future_action":{"enabled":false,"date":"2026-05-10 10:07:11","action":"change-status","newStatus":"draft","terms":[],"taxonomy":"category","extraData":[]},"publishpress_future_workflow_manual_trigger":{"enabledWorkflows":[]},"_links":{"self":[{"href":"https:\/\/noticiasveracruz.com\/index.php\/wp-json\/wp\/v2\/posts\/47937","targetHints":{"allow":["GET"]}}],"collection":[{"href":"https:\/\/noticiasveracruz.com\/index.php\/wp-json\/wp\/v2\/posts"}],"about":[{"href":"https:\/\/noticiasveracruz.com\/index.php\/wp-json\/wp\/v2\/types\/post"}],"author":[{"embeddable":true,"href":"https:\/\/noticiasveracruz.com\/index.php\/wp-json\/wp\/v2\/users\/4"}],"replies":[{"embeddable":true,"href":"https:\/\/noticiasveracruz.com\/index.php\/wp-json\/wp\/v2\/comments?post=47937"}],"version-history":[{"count":0,"href":"https:\/\/noticiasveracruz.com\/index.php\/wp-json\/wp\/v2\/posts\/47937\/revisions"}],"wp:featuredmedia":[{"embeddable":true,"href":"https:\/\/noticiasveracruz.com\/index.php\/wp-json\/wp\/v2\/media\/39651"}],"wp:attachment":[{"href":"https:\/\/noticiasveracruz.com\/index.php\/wp-json\/wp\/v2\/media?parent=47937"}],"wp:term":[{"taxonomy":"category","embeddable":true,"href":"https:\/\/noticiasveracruz.com\/index.php\/wp-json\/wp\/v2\/categories?post=47937"},{"taxonomy":"post_tag","embeddable":true,"href":"https:\/\/noticiasveracruz.com\/index.php\/wp-json\/wp\/v2\/tags?post=47937"}],"curies":[{"name":"wp","href":"https:\/\/api.w.org\/{rel}","templated":true}]}}