{"id":47931,"date":"2025-01-14T00:20:38","date_gmt":"2025-01-14T06:20:38","guid":{"rendered":"https:\/\/noticiasveracruz.com\/?p=47931"},"modified":"2025-01-13T23:07:34","modified_gmt":"2025-01-14T05:07:34","slug":"trump-insiste-en-que-se-reunira-con-putin","status":"publish","type":"post","link":"https:\/\/noticiasveracruz.com\/index.php\/2025\/01\/14\/trump-insiste-en-que-se-reunira-con-putin\/","title":{"rendered":"Trump insiste en que se reunir\u00e1 con Putin"},"content":{"rendered":"<p>El presidente electo de Estados Unidos, Donald Trump, dijo el lunes que se reunir\u00e1 con el l\u00edder ruso, Vladimir Putin, \u00abmuy r\u00e1pidamente\u00bb despu\u00e9s de que asuma el cargo la pr\u00f3xima semana.<\/p>\n<p>No proporcion\u00f3 un calendario para la reuni\u00f3n, que ser\u00eda la primera entre los l\u00edderes de los dos pa\u00edses desde que comenz\u00f3 la guerra de Rusia con Ucrania en febrero de 2022.<\/p>\n<p>Cuando se le pregunt\u00f3 sobre su estrategia para poner fin a la guerra, Trump dijo a Newsmax: \u00abBueno, solo hay una estrategia y depende de Putin, y no creo que est\u00e9 muy emocionado por c\u00f3mo ha ido porque tampoco le ha ido exactamente bien a \u00e9l\u00bb.<\/p>\n<p>\u00abS\u00e9 que quiere reunirse y voy a reunirme muy r\u00e1pidamente. Lo habr\u00eda hecho antes pero (&#8230;) tienes que asumir el puesto. Para algunas cosas, tienes que estar all\u00ed\u00bb.<\/p>\n<p>La invasi\u00f3n rusa de Ucrania ha dejado decenas de miles de muertos, ha desplazado a millones de personas y ha desencadenado la mayor ruptura en las relaciones entre Mosc\u00fa y Occidente desde la crisis de los misiles de Cuba de 1962.<\/p>\n","protected":false},"excerpt":{"rendered":"<p>El presidente electo de Estados Unidos, Donald Trump, dijo el lunes que se reunir\u00e1 con el l\u00edder ruso, Vladimir Putin,<\/p>\n","protected":false},"author":4,"featured_media":47932,"comment_status":"closed","ping_status":"closed","sticky":false,"template":"","format":"standard","meta":{"colormag_page_container_layout":"default_layout","colormag_page_sidebar_layout":"default_layout","_jetpack_memberships_contains_paid_content":false,"footnotes":"","jetpack_publicize_message":"","jetpack_publicize_feature_enabled":true,"jetpack_social_post_already_shared":true,"jetpack_social_options":{"image_generator_settings":{"template":"highway","default_image_id":0,"font":"","enabled":false},"version":2}},"categories":[355],"tags":[],"class_list":["post-47931","post","type-post","status-publish","format-standard","has-post-thumbnail","hentry","category-internacional"],"jetpack_publicize_connections":[],"jetpack_featured_media_url":"https:\/\/noticiasveracruz.com\/wp-content\/uploads\/2025\/01\/67856f4c7f8f9.jpeg","jetpack_sharing_enabled":true,"publishpress_future_action":{"enabled":false,"date":"2026-05-10 07:56:04","action":"change-status","newStatus":"draft","terms":[],"taxonomy":"category","extraData":[]},"publishpress_future_workflow_manual_trigger":{"enabledWorkflows":[]},"_links":{"self":[{"href":"https:\/\/noticiasveracruz.com\/index.php\/wp-json\/wp\/v2\/posts\/47931","targetHints":{"allow":["GET"]}}],"collection":[{"href":"https:\/\/noticiasveracruz.com\/index.php\/wp-json\/wp\/v2\/posts"}],"about":[{"href":"https:\/\/noticiasveracruz.com\/index.php\/wp-json\/wp\/v2\/types\/post"}],"author":[{"embeddable":true,"href":"https:\/\/noticiasveracruz.com\/index.php\/wp-json\/wp\/v2\/users\/4"}],"replies":[{"embeddable":true,"href":"https:\/\/noticiasveracruz.com\/index.php\/wp-json\/wp\/v2\/comments?post=47931"}],"version-history":[{"count":0,"href":"https:\/\/noticiasveracruz.com\/index.php\/wp-json\/wp\/v2\/posts\/47931\/revisions"}],"wp:featuredmedia":[{"embeddable":true,"href":"https:\/\/noticiasveracruz.com\/index.php\/wp-json\/wp\/v2\/media\/47932"}],"wp:attachment":[{"href":"https:\/\/noticiasveracruz.com\/index.php\/wp-json\/wp\/v2\/media?parent=47931"}],"wp:term":[{"taxonomy":"category","embeddable":true,"href":"https:\/\/noticiasveracruz.com\/index.php\/wp-json\/wp\/v2\/categories?post=47931"},{"taxonomy":"post_tag","embeddable":true,"href":"https:\/\/noticiasveracruz.com\/index.php\/wp-json\/wp\/v2\/tags?post=47931"}],"curies":[{"name":"wp","href":"https:\/\/api.w.org\/{rel}","templated":true}]}}