{"id":47925,"date":"2025-01-14T00:18:29","date_gmt":"2025-01-14T06:18:29","guid":{"rendered":"https:\/\/noticiasveracruz.com\/?p=47925"},"modified":"2025-01-13T23:01:24","modified_gmt":"2025-01-14T05:01:24","slug":"presidenta-de-peru-es-interrogada-durante-4-horas-por-presunto-abandono-del-cargo","status":"publish","type":"post","link":"https:\/\/noticiasveracruz.com\/index.php\/2025\/01\/14\/presidenta-de-peru-es-interrogada-durante-4-horas-por-presunto-abandono-del-cargo\/","title":{"rendered":"Presidenta de Per\u00fa es interrogada durante 4 horas por presunto abandono del cargo"},"content":{"rendered":"<p>La presidenta peruana Dina Boluarte fue interrogada este lunes por cuatro horas en la fiscal\u00eda general por una investigaci\u00f3n abierta contra ella por someterse a una cirug\u00eda de nariz sin presuntamente comunicar al gabinete ministerial y al Parlamento que ten\u00eda un impedimento temporal para ejercer la presidencia por 11 d\u00edas.<\/p>\n<p>Esta es la sexta investigaci\u00f3n contra Boluarte desde que asumi\u00f3 el poder en diciembre de 2022. \u201cEstuve en la fiscal\u00eda toda vez que se me ha notificado&#8230; respondiendo cada una de las preguntas que la fiscal me hiciera\u201d, afirm\u00f3 la mandataria de forma breve por la tarde en un acto p\u00fablico.<\/p>\n<p>En las afueras del palacio presidencial, el abogado de la mandataria, Juan Portugal, indic\u00f3 a la prensa que Boluarte respondi\u00f3 a las preguntas de la fiscal\u00eda por cuatro horas en las que explic\u00f3 que fue operada la noche del 28 de junio de 2023, por entre 40 y 50 minutos, con anestesia local y siempre estuvo l\u00facida.<\/p>\n<p>A\u00f1adi\u00f3 que al final de la operaci\u00f3n recibi\u00f3 el alta m\u00e9dica, \u00abpero por precauci\u00f3n le recomendaron pernoctar en la cl\u00ednica aquella fecha\u00bb y al d\u00eda siguiente, el 29 de junio de 2023, retorn\u00f3 a sus labores habituales.<\/p>\n<p>La investigaci\u00f3n de la fiscal\u00eda es por ausencia del cargo entre el 29 de junio y el 9 de julio de 2023, por 11 d\u00edas.<\/p>\n<p>Portugal coment\u00f3 que Boluarte no report\u00f3 al gabinete ministerial ni al Parlamento sobre la operaci\u00f3n, que calific\u00f3 de \u201ccirug\u00eda menor\u201d, porque la presidenta \u00abhizo uso de sus horas de sue\u00f1o como cualquier ser humano en el planeta tierra\u00bb. Tambi\u00e9n afirm\u00f3 que no existe una ley expresa en Per\u00fa que obligue a Boluarte a comunicar sobre una operaci\u00f3n quir\u00fargica al presidente del Congreso o a otra autoridad.<\/p>\n<p>El 12 de diciembre Boluarte admiti\u00f3 por primera vez de forma p\u00fablica que en 2023 se hab\u00eda operado la nariz luego de que meses antes hab\u00eda desestimado las preguntas de la prensa que le ped\u00edan confirmar o negar si se hab\u00eda sometido a una cirug\u00eda de nariz. Boluarte hab\u00eda guardado silencio al igual que su vocero y ministros.<\/p>\n<p>La mandataria declar\u00f3 aquella vez que la cirug\u00eda fue \u201cimprescindible\u201d ya que la \u00abnecesitaba por funcionalidad respiratoria\u00bb, sin dar detalles de la operaci\u00f3n. La presidenta descart\u00f3 que la intervenci\u00f3n fuese est\u00e9tica, como hab\u00eda asegurado el semanario. \u201cNo me gener\u00f3 ning\u00fan tipo de incapacidad o impedimento para ejercer mis funciones\u00bb, replic\u00f3 Boluarte.<\/p>\n<p>A inicios de diciembre la fiscal general Delia Espinoza anunci\u00f3 que se hab\u00eda iniciado una investigaci\u00f3n por la presunta comisi\u00f3n de los delitos de abandono de cargo y omisi\u00f3n de actos funcionales en los 11 d\u00edas posteriores a la operaci\u00f3n. Durante ese periodo, las redes sociales oficiales de la presidencia no registraron ninguna fotograf\u00eda, ni video, ni actividades de la mandataria.<\/p>\n<p>Seg\u00fan la ley, el delito de abandono de cargo ocurre cuando un funcionario deja su puesto \u201csin haber cesado legalmente\u201d mientras que la omisi\u00f3n de actos funcionales se produce cuando el servidor p\u00fablico \u201comite, reh\u00fasa o retrasa de manera ilegal un acto de su cargo\u201d. Ambos se castigan con dos a\u00f1os de c\u00e1rcel.<\/p>\n<p>El abogado penalista Andy Carri\u00f3n coment\u00f3 a The Associated Press en diciembre que la discusi\u00f3n de fondo no es si Boluarte se realiz\u00f3 una intervenci\u00f3n est\u00e9tica. \u201cLa cuesti\u00f3n aqu\u00ed es si la mandataria se ausent\u00f3 algunos d\u00edas de su ejercicio principal de presidenta y que esta ausencia no s\u00f3lo habr\u00eda ocasionado un vac\u00edo de poder, sino que tambi\u00e9n ella habr\u00eda omitido informar al Congreso\u201d, explic\u00f3.<\/p>\n<p>Carri\u00f3n record\u00f3 que Boluarte no tiene ni primer ni segundo vicepresidente y que en su ausencia quien deb\u00eda ejercer de forma sustitutiva el poder era el presidente del Parlamento. \u201cAl ser la m\u00e1s alta dignataria no podemos permitirnos un vac\u00edo de poder as\u00ed sea por minutos. \u00bfQu\u00e9 pasar\u00eda si es que la est\u00e1n operando y ella no puede ordenar una medida urgente e importante?\u201d, coment\u00f3.<\/p>\n<p>Luego de concluir su investigaci\u00f3n preliminar la fiscal general podr\u00e1 acusar constitucionalmente ante el Parlamento a la presidenta, para que cuando culmine su gesti\u00f3n \u2014el 28 de julio de 2026\u2014 pueda ser juzgada ante la Corte Suprema, como determina el procedimiento para altos funcionarios en Per\u00fa.<\/p>\n<p>Con esta investigaci\u00f3n, la mandataria suma seis indagaciones fiscales por diversos delitos, incluido el de homicidio calificado por su responsabilidad en las muertes de manifestantes entre diciembre de 2022 y marzo de 2023 durante una serie de protestas que exig\u00edan su renuncia.<\/p>\n<p>La popularidad de Boluarte es la m\u00e1s baja de un mandatario peruano desde 1980. La firma Datum Internacional arroj\u00f3 en diciembre que la aceptaci\u00f3n de Boluarte descendi\u00f3 a 3 por ciento.<\/p>\n","protected":false},"excerpt":{"rendered":"<p>La presidenta peruana Dina Boluarte fue interrogada este lunes por cuatro horas en la fiscal\u00eda general por una investigaci\u00f3n abierta<\/p>\n","protected":false},"author":4,"featured_media":47926,"comment_status":"closed","ping_status":"closed","sticky":false,"template":"","format":"standard","meta":{"colormag_page_container_layout":"default_layout","colormag_page_sidebar_layout":"default_layout","_jetpack_memberships_contains_paid_content":false,"footnotes":"","jetpack_publicize_message":"","jetpack_publicize_feature_enabled":true,"jetpack_social_post_already_shared":true,"jetpack_social_options":{"image_generator_settings":{"template":"highway","default_image_id":0,"font":"","enabled":false},"version":2}},"categories":[355],"tags":[],"class_list":["post-47925","post","type-post","status-publish","format-standard","has-post-thumbnail","hentry","category-internacional"],"jetpack_publicize_connections":[],"jetpack_featured_media_url":"https:\/\/noticiasveracruz.com\/wp-content\/uploads\/2025\/01\/459294_4x.jpg","jetpack_sharing_enabled":true,"publishpress_future_action":{"enabled":false,"date":"2026-05-08 07:04:52","action":"change-status","newStatus":"draft","terms":[],"taxonomy":"category","extraData":[]},"publishpress_future_workflow_manual_trigger":{"enabledWorkflows":[]},"_links":{"self":[{"href":"https:\/\/noticiasveracruz.com\/index.php\/wp-json\/wp\/v2\/posts\/47925","targetHints":{"allow":["GET"]}}],"collection":[{"href":"https:\/\/noticiasveracruz.com\/index.php\/wp-json\/wp\/v2\/posts"}],"about":[{"href":"https:\/\/noticiasveracruz.com\/index.php\/wp-json\/wp\/v2\/types\/post"}],"author":[{"embeddable":true,"href":"https:\/\/noticiasveracruz.com\/index.php\/wp-json\/wp\/v2\/users\/4"}],"replies":[{"embeddable":true,"href":"https:\/\/noticiasveracruz.com\/index.php\/wp-json\/wp\/v2\/comments?post=47925"}],"version-history":[{"count":0,"href":"https:\/\/noticiasveracruz.com\/index.php\/wp-json\/wp\/v2\/posts\/47925\/revisions"}],"wp:featuredmedia":[{"embeddable":true,"href":"https:\/\/noticiasveracruz.com\/index.php\/wp-json\/wp\/v2\/media\/47926"}],"wp:attachment":[{"href":"https:\/\/noticiasveracruz.com\/index.php\/wp-json\/wp\/v2\/media?parent=47925"}],"wp:term":[{"taxonomy":"category","embeddable":true,"href":"https:\/\/noticiasveracruz.com\/index.php\/wp-json\/wp\/v2\/categories?post=47925"},{"taxonomy":"post_tag","embeddable":true,"href":"https:\/\/noticiasveracruz.com\/index.php\/wp-json\/wp\/v2\/tags?post=47925"}],"curies":[{"name":"wp","href":"https:\/\/api.w.org\/{rel}","templated":true}]}}