{"id":47922,"date":"2025-01-14T00:17:16","date_gmt":"2025-01-14T06:17:16","guid":{"rendered":"https:\/\/noticiasveracruz.com\/?p=47922"},"modified":"2025-01-13T22:59:14","modified_gmt":"2025-01-14T04:59:14","slug":"bomberos-mexicanos-se-suman-al-operativo-contra-incendios-en-la","status":"publish","type":"post","link":"https:\/\/noticiasveracruz.com\/index.php\/2025\/01\/14\/bomberos-mexicanos-se-suman-al-operativo-contra-incendios-en-la\/","title":{"rendered":"Bomberos mexicanos se suman al operativo contra incendios en LA"},"content":{"rendered":"<p>La titular de la Coordinaci\u00f3n Nacional de Protecci\u00f3n Civil (CNPC), Laura Vel\u00e1zquez Alz\u00faa, de la Secretar\u00eda de Seguridad y Protecci\u00f3n Ciudadana (SSPC), sostuvo una reuni\u00f3n con Richard Tovar, jefe de Divisi\u00f3n D-10 de CAL FIRE, para coordinar esfuerzos en la atenci\u00f3n a los incendios en la regi\u00f3n Sur de California, Estados Unidos.<\/p>\n<p>La CNPC inform\u00f3 que una delegaci\u00f3n mexicana de combatientes del fuego y especialistas en Protecci\u00f3n Civil, enviada por la presidenta Claudia Sheinbaum Pardo, se report\u00f3 preparada en el Puesto de Comando de Incidentes en Noble Creek Regional Park, Oak Valley Pkwy, Beaumont, California.<\/p>\n<p>El equipo mexicano en el que participan elementos de la Secretar\u00eda de la Defensa Nacional (Defensa); la Comisi\u00f3n Nacional Forestal (Conafor) de la Secretar\u00eda de Medio Ambiente y Recursos Naturales (Semarnat); y de la Coordinaci\u00f3n Nacional de Protecci\u00f3n Civil (CNPC), se traslad\u00f3 al Centro de Operaciones de la regi\u00f3n sur en Riverside, California, donde particip\u00f3 en una sesi\u00f3n informativa liderada por el personal de CAL FIRE.<\/p>\n<p>La sesi\u00f3n, parte del protocolo de coordinaci\u00f3n binacional, tuvo como objetivo mejorar las estrategias conjuntas para el combate de incendios, fortaleciendo la cooperaci\u00f3n entre ambas naciones.<\/p>\n<p>El equipo de la CNPC visit\u00f3 el \u00e1rea de monitoreo y supervisi\u00f3n, donde se coordina el despliegue de recursos a\u00e9reos y terrestres para la atenci\u00f3n de los incidentes, con el objetivo de conocer los protocolos de operaci\u00f3n.<\/p>\n<p>\u201cEl equipo mexicano de combatientes del fuego se une a las labores de manejo del incendio de Palisades. Su participaci\u00f3n ha sido coordinada para maximizar la eficiencia y apoyar los esfuerzos conjuntos en el control del fuego\u201d dijo.<\/p>\n<p>Agreg\u00f3 que La Secretar\u00eda de Relaciones Exteriores (SRE), a trav\u00e9s de los Consulados Generales de Sacramento y Los \u00c1ngeles, siguen en coordinaci\u00f3n con las autoridades estatales y locales para facilitar las tareas de la delegaci\u00f3n.<\/p>\n","protected":false},"excerpt":{"rendered":"<p>La titular de la Coordinaci\u00f3n Nacional de Protecci\u00f3n Civil (CNPC), Laura Vel\u00e1zquez Alz\u00faa, de la Secretar\u00eda de Seguridad y Protecci\u00f3n<\/p>\n","protected":false},"author":4,"featured_media":47923,"comment_status":"closed","ping_status":"closed","sticky":false,"template":"","format":"standard","meta":{"colormag_page_container_layout":"default_layout","colormag_page_sidebar_layout":"default_layout","_jetpack_memberships_contains_paid_content":false,"footnotes":"","jetpack_publicize_message":"","jetpack_publicize_feature_enabled":true,"jetpack_social_post_already_shared":true,"jetpack_social_options":{"image_generator_settings":{"template":"highway","default_image_id":0,"font":"","enabled":false},"version":2}},"categories":[355],"tags":[],"class_list":["post-47922","post","type-post","status-publish","format-standard","has-post-thumbnail","hentry","category-internacional"],"jetpack_publicize_connections":[],"jetpack_featured_media_url":"https:\/\/noticiasveracruz.com\/wp-content\/uploads\/2025\/01\/BB1roGlH.jpg","jetpack_sharing_enabled":true,"publishpress_future_action":{"enabled":false,"date":"2026-05-08 06:18:21","action":"change-status","newStatus":"draft","terms":[],"taxonomy":"category","extraData":[]},"publishpress_future_workflow_manual_trigger":{"enabledWorkflows":[]},"_links":{"self":[{"href":"https:\/\/noticiasveracruz.com\/index.php\/wp-json\/wp\/v2\/posts\/47922","targetHints":{"allow":["GET"]}}],"collection":[{"href":"https:\/\/noticiasveracruz.com\/index.php\/wp-json\/wp\/v2\/posts"}],"about":[{"href":"https:\/\/noticiasveracruz.com\/index.php\/wp-json\/wp\/v2\/types\/post"}],"author":[{"embeddable":true,"href":"https:\/\/noticiasveracruz.com\/index.php\/wp-json\/wp\/v2\/users\/4"}],"replies":[{"embeddable":true,"href":"https:\/\/noticiasveracruz.com\/index.php\/wp-json\/wp\/v2\/comments?post=47922"}],"version-history":[{"count":0,"href":"https:\/\/noticiasveracruz.com\/index.php\/wp-json\/wp\/v2\/posts\/47922\/revisions"}],"wp:featuredmedia":[{"embeddable":true,"href":"https:\/\/noticiasveracruz.com\/index.php\/wp-json\/wp\/v2\/media\/47923"}],"wp:attachment":[{"href":"https:\/\/noticiasveracruz.com\/index.php\/wp-json\/wp\/v2\/media?parent=47922"}],"wp:term":[{"taxonomy":"category","embeddable":true,"href":"https:\/\/noticiasveracruz.com\/index.php\/wp-json\/wp\/v2\/categories?post=47922"},{"taxonomy":"post_tag","embeddable":true,"href":"https:\/\/noticiasveracruz.com\/index.php\/wp-json\/wp\/v2\/tags?post=47922"}],"curies":[{"name":"wp","href":"https:\/\/api.w.org\/{rel}","templated":true}]}}