{"id":47883,"date":"2025-01-14T00:04:48","date_gmt":"2025-01-14T06:04:48","guid":{"rendered":"https:\/\/noticiasveracruz.com\/?p=47883"},"modified":"2025-01-13T21:35:35","modified_gmt":"2025-01-14T03:35:35","slug":"rocio-nahle-lidera-aprobacion-entre-gobernadoras-de-mexico-encuesta-rubrum","status":"publish","type":"post","link":"https:\/\/noticiasveracruz.com\/index.php\/2025\/01\/14\/rocio-nahle-lidera-aprobacion-entre-gobernadoras-de-mexico-encuesta-rubrum\/","title":{"rendered":"Roc\u00edo Nahle lidera aprobaci\u00f3n entre gobernadoras de M\u00e9xico: encuesta RUBRUM"},"content":{"rendered":"<p>Roc\u00edo Nahle Garc\u00eda encabeza el ranking nacional de aprobaci\u00f3n de mujeres gobernadoras, seg\u00fan los datos m\u00e1s recientes de la encuestadora RUBRUM, difundidos este fin de semana.<\/p>\n<p>A poco m\u00e1s de un mes de asumir la gubernatura de Veracruz, Nahle Garc\u00eda ha logrado consolidar una percepci\u00f3n positiva entre la poblaci\u00f3n, posicion\u00e1ndose como la mejor calificada entre sus hom\u00f3logas.<\/p>\n<p>El ranking tambi\u00e9n incluye a Libia Dennis (Guanajuato), Maru Campos (Chihuahua), Tere Jim\u00e9nez (Aguascalientes), Margarita Gonz\u00e1lez (Morelos), Mara Lezama (Quintana Roo) y Delfina G\u00f3mez (Estado de M\u00e9xico). Adem\u00e1s, figuran Clara Brugada (CDMX), Indira Vizca\u00edno (Colima), Marina del Pilar \u00c1vila (Baja California), Layda Sansores (Campeche), Lorena Cu\u00e9llar (Tlaxcala) y Evelyn Salgado (Guerrero).<\/p>\n<p>La evaluaci\u00f3n se bas\u00f3 en criterios como desempe\u00f1o gubernamental, seguridad p\u00fablica, cercan\u00eda con la ciudadan\u00eda, sistema de salud estatal, gesti\u00f3n de recursos h\u00eddricos, calidad en movilidad, obras p\u00fablicas, transparencia y acceso a la informaci\u00f3n.<\/p>\n<p>Este logro refuerza la imagen de Roc\u00edo Nahle como una figura destacada en la pol\u00edtica nacional y en el liderazgo estatal, reafirmando su compromiso con los veracruzanos.<\/p>\n","protected":false},"excerpt":{"rendered":"<p>Roc\u00edo Nahle Garc\u00eda encabeza el ranking nacional de aprobaci\u00f3n de mujeres gobernadoras, seg\u00fan los datos m\u00e1s recientes de la encuestadora<\/p>\n","protected":false},"author":4,"featured_media":47884,"comment_status":"closed","ping_status":"closed","sticky":false,"template":"","format":"standard","meta":{"colormag_page_container_layout":"default_layout","colormag_page_sidebar_layout":"default_layout","_jetpack_memberships_contains_paid_content":false,"footnotes":"","jetpack_publicize_message":"","jetpack_publicize_feature_enabled":true,"jetpack_social_post_already_shared":true,"jetpack_social_options":{"image_generator_settings":{"template":"highway","default_image_id":0,"font":"","enabled":false},"version":2}},"categories":[356],"tags":[],"class_list":["post-47883","post","type-post","status-publish","format-standard","has-post-thumbnail","hentry","category-veracruz"],"jetpack_publicize_connections":[],"jetpack_featured_media_url":"https:\/\/noticiasveracruz.com\/wp-content\/uploads\/2025\/01\/NAH.jpg","jetpack_sharing_enabled":true,"publishpress_future_action":{"enabled":false,"date":"2026-05-08 01:28:35","action":"change-status","newStatus":"draft","terms":[],"taxonomy":"category","extraData":[]},"publishpress_future_workflow_manual_trigger":{"enabledWorkflows":[]},"_links":{"self":[{"href":"https:\/\/noticiasveracruz.com\/index.php\/wp-json\/wp\/v2\/posts\/47883","targetHints":{"allow":["GET"]}}],"collection":[{"href":"https:\/\/noticiasveracruz.com\/index.php\/wp-json\/wp\/v2\/posts"}],"about":[{"href":"https:\/\/noticiasveracruz.com\/index.php\/wp-json\/wp\/v2\/types\/post"}],"author":[{"embeddable":true,"href":"https:\/\/noticiasveracruz.com\/index.php\/wp-json\/wp\/v2\/users\/4"}],"replies":[{"embeddable":true,"href":"https:\/\/noticiasveracruz.com\/index.php\/wp-json\/wp\/v2\/comments?post=47883"}],"version-history":[{"count":0,"href":"https:\/\/noticiasveracruz.com\/index.php\/wp-json\/wp\/v2\/posts\/47883\/revisions"}],"wp:featuredmedia":[{"embeddable":true,"href":"https:\/\/noticiasveracruz.com\/index.php\/wp-json\/wp\/v2\/media\/47884"}],"wp:attachment":[{"href":"https:\/\/noticiasveracruz.com\/index.php\/wp-json\/wp\/v2\/media?parent=47883"}],"wp:term":[{"taxonomy":"category","embeddable":true,"href":"https:\/\/noticiasveracruz.com\/index.php\/wp-json\/wp\/v2\/categories?post=47883"},{"taxonomy":"post_tag","embeddable":true,"href":"https:\/\/noticiasveracruz.com\/index.php\/wp-json\/wp\/v2\/tags?post=47883"}],"curies":[{"name":"wp","href":"https:\/\/api.w.org\/{rel}","templated":true}]}}