{"id":47880,"date":"2025-01-14T00:03:51","date_gmt":"2025-01-14T06:03:51","guid":{"rendered":"https:\/\/noticiasveracruz.com\/?p=47880"},"modified":"2025-01-13T21:33:39","modified_gmt":"2025-01-14T03:33:39","slug":"invertira-gobierno-400-mdp-en-cejum","status":"publish","type":"post","link":"https:\/\/noticiasveracruz.com\/index.php\/2025\/01\/14\/invertira-gobierno-400-mdp-en-cejum\/","title":{"rendered":"Invertir\u00e1 Gobierno 400 MDP en CEJUM"},"content":{"rendered":"<p>La gobernadora de Veracruz, Roc\u00edo Nahle Garc\u00eda, expres\u00f3 su intenci\u00f3n de iniciar la construcci\u00f3n simult\u00e1nea de los Centros de Justicia para las Mujeres (CEJUM) en Coatzacoalcos, Orizaba, \u00c1lamo y Veracruz-Boca del R\u00edo, con una inversi\u00f3n de 400 millones de pesos.<\/p>\n<p>Con el respaldo de la Secretar\u00eda de Infraestructura y Obras P\u00fablicas (SIOP), proyecta la conclusi\u00f3n para este mismo a\u00f1o. \u201cSi logramos terminarlos en un a\u00f1o, voy a ser la mujer m\u00e1s feliz\u201d, afirm\u00f3.<\/p>\n<p>Con ello reafirm\u00f3 su compromiso de enfocar los esfuerzos gubernamentales en favor de las mujeres, una de las principales propuestas realizadas al asumir su cargo como titular del Poder Ejecutivo.<\/p>\n<p>Los Centros adem\u00e1s de brindar herramientas a las usuarias para emprender un proceso de autovaloraci\u00f3n, contar\u00e1n con fiscales, jueces especializados e instalaciones de resguardo para atender a quienes enfrentan situaciones de violencia.<\/p>\n<p>Esta iniciativa complementa la propuesta de crear una direcci\u00f3n especial en la Fiscal\u00eda General del Estado, cuyo objetivo ser\u00e1 asegurar la b\u00fasqueda y detenci\u00f3n de los presuntos agresores.<\/p>\n","protected":false},"excerpt":{"rendered":"<p>La gobernadora de Veracruz, Roc\u00edo Nahle Garc\u00eda, expres\u00f3 su intenci\u00f3n de iniciar la construcci\u00f3n simult\u00e1nea de los Centros de Justicia<\/p>\n","protected":false},"author":4,"featured_media":47881,"comment_status":"closed","ping_status":"closed","sticky":false,"template":"","format":"standard","meta":{"colormag_page_container_layout":"default_layout","colormag_page_sidebar_layout":"default_layout","_jetpack_memberships_contains_paid_content":false,"footnotes":"","jetpack_publicize_message":"","jetpack_publicize_feature_enabled":true,"jetpack_social_post_already_shared":true,"jetpack_social_options":{"image_generator_settings":{"template":"highway","default_image_id":0,"font":"","enabled":false},"version":2}},"categories":[356],"tags":[],"class_list":["post-47880","post","type-post","status-publish","format-standard","has-post-thumbnail","hentry","category-veracruz"],"jetpack_publicize_connections":[],"jetpack_featured_media_url":"https:\/\/noticiasveracruz.com\/wp-content\/uploads\/2025\/01\/8a2.jpg","jetpack_sharing_enabled":true,"publishpress_future_action":{"enabled":false,"date":"2026-05-08 02:37:08","action":"change-status","newStatus":"draft","terms":[],"taxonomy":"category","extraData":[]},"publishpress_future_workflow_manual_trigger":{"enabledWorkflows":[]},"_links":{"self":[{"href":"https:\/\/noticiasveracruz.com\/index.php\/wp-json\/wp\/v2\/posts\/47880","targetHints":{"allow":["GET"]}}],"collection":[{"href":"https:\/\/noticiasveracruz.com\/index.php\/wp-json\/wp\/v2\/posts"}],"about":[{"href":"https:\/\/noticiasveracruz.com\/index.php\/wp-json\/wp\/v2\/types\/post"}],"author":[{"embeddable":true,"href":"https:\/\/noticiasveracruz.com\/index.php\/wp-json\/wp\/v2\/users\/4"}],"replies":[{"embeddable":true,"href":"https:\/\/noticiasveracruz.com\/index.php\/wp-json\/wp\/v2\/comments?post=47880"}],"version-history":[{"count":0,"href":"https:\/\/noticiasveracruz.com\/index.php\/wp-json\/wp\/v2\/posts\/47880\/revisions"}],"wp:featuredmedia":[{"embeddable":true,"href":"https:\/\/noticiasveracruz.com\/index.php\/wp-json\/wp\/v2\/media\/47881"}],"wp:attachment":[{"href":"https:\/\/noticiasveracruz.com\/index.php\/wp-json\/wp\/v2\/media?parent=47880"}],"wp:term":[{"taxonomy":"category","embeddable":true,"href":"https:\/\/noticiasveracruz.com\/index.php\/wp-json\/wp\/v2\/categories?post=47880"},{"taxonomy":"post_tag","embeddable":true,"href":"https:\/\/noticiasveracruz.com\/index.php\/wp-json\/wp\/v2\/tags?post=47880"}],"curies":[{"name":"wp","href":"https:\/\/api.w.org\/{rel}","templated":true}]}}