{"id":47877,"date":"2025-01-14T00:02:40","date_gmt":"2025-01-14T06:02:40","guid":{"rendered":"https:\/\/noticiasveracruz.com\/?p=47877"},"modified":"2025-01-13T21:32:38","modified_gmt":"2025-01-14T03:32:38","slug":"poza-rica-lidera-en-abasto-de-medicamentos","status":"publish","type":"post","link":"https:\/\/noticiasveracruz.com\/index.php\/2025\/01\/14\/poza-rica-lidera-en-abasto-de-medicamentos\/","title":{"rendered":"Poza Rica lidera en abasto de medicamentos"},"content":{"rendered":"<p>A un mes de la implementaci\u00f3n del programa Camionetitas de la Salud, la gobernadora de Veracruz, Roc\u00edo Nahle Garc\u00eda, inform\u00f3 sobre los avances en el abastecimiento de medicamentos a trav\u00e9s de rutas estrat\u00e9gicas.<\/p>\n<p>El distrito con mayor porcentaje de cobertura es Poza Rica, alcanzando hasta el momento 92 por ciento, mientras que C\u00f3rdoba registra un 70, con la meta de llegar pronto al 100 en todo el estado.<\/p>\n<p>Este programa garantiza el acceso a medicinas y material de curaci\u00f3n, especialmente en comunidades marginadas y de dif\u00edcil acceso, para lo cual se han dispuesto 11 unidades m\u00f3viles, cumpliendo as\u00ed con uno de los compromisos de campa\u00f1a de la Gobernadora.<\/p>\n<p>Nahle Garc\u00eda enfatiz\u00f3 que mantiene reuniones semanales con la Secretar\u00eda de Salud para supervisar los avances y asegurar el cumplimiento de los objetivos establecidos, en coordinaci\u00f3n con el modelo IMSS-Bienestar.<\/p>\n","protected":false},"excerpt":{"rendered":"<p>A un mes de la implementaci\u00f3n del programa Camionetitas de la Salud, la gobernadora de Veracruz, Roc\u00edo Nahle Garc\u00eda, inform\u00f3<\/p>\n","protected":false},"author":4,"featured_media":47878,"comment_status":"closed","ping_status":"closed","sticky":false,"template":"","format":"standard","meta":{"colormag_page_container_layout":"default_layout","colormag_page_sidebar_layout":"default_layout","_jetpack_memberships_contains_paid_content":false,"footnotes":"","jetpack_publicize_message":"","jetpack_publicize_feature_enabled":true,"jetpack_social_post_already_shared":true,"jetpack_social_options":{"image_generator_settings":{"template":"highway","default_image_id":0,"font":"","enabled":false},"version":2}},"categories":[356],"tags":[],"class_list":["post-47877","post","type-post","status-publish","format-standard","has-post-thumbnail","hentry","category-veracruz"],"jetpack_publicize_connections":[],"jetpack_featured_media_url":"https:\/\/noticiasveracruz.com\/wp-content\/uploads\/2025\/01\/8b1-1.jpg","jetpack_sharing_enabled":true,"publishpress_future_action":{"enabled":false,"date":"2026-05-08 01:23:53","action":"change-status","newStatus":"draft","terms":[],"taxonomy":"category","extraData":[]},"publishpress_future_workflow_manual_trigger":{"enabledWorkflows":[]},"_links":{"self":[{"href":"https:\/\/noticiasveracruz.com\/index.php\/wp-json\/wp\/v2\/posts\/47877","targetHints":{"allow":["GET"]}}],"collection":[{"href":"https:\/\/noticiasveracruz.com\/index.php\/wp-json\/wp\/v2\/posts"}],"about":[{"href":"https:\/\/noticiasveracruz.com\/index.php\/wp-json\/wp\/v2\/types\/post"}],"author":[{"embeddable":true,"href":"https:\/\/noticiasveracruz.com\/index.php\/wp-json\/wp\/v2\/users\/4"}],"replies":[{"embeddable":true,"href":"https:\/\/noticiasveracruz.com\/index.php\/wp-json\/wp\/v2\/comments?post=47877"}],"version-history":[{"count":0,"href":"https:\/\/noticiasveracruz.com\/index.php\/wp-json\/wp\/v2\/posts\/47877\/revisions"}],"wp:featuredmedia":[{"embeddable":true,"href":"https:\/\/noticiasveracruz.com\/index.php\/wp-json\/wp\/v2\/media\/47878"}],"wp:attachment":[{"href":"https:\/\/noticiasveracruz.com\/index.php\/wp-json\/wp\/v2\/media?parent=47877"}],"wp:term":[{"taxonomy":"category","embeddable":true,"href":"https:\/\/noticiasveracruz.com\/index.php\/wp-json\/wp\/v2\/categories?post=47877"},{"taxonomy":"post_tag","embeddable":true,"href":"https:\/\/noticiasveracruz.com\/index.php\/wp-json\/wp\/v2\/tags?post=47877"}],"curies":[{"name":"wp","href":"https:\/\/api.w.org\/{rel}","templated":true}]}}