{"id":47874,"date":"2025-01-14T00:01:26","date_gmt":"2025-01-14T06:01:26","guid":{"rendered":"https:\/\/noticiasveracruz.com\/?p=47874"},"modified":"2025-01-13T21:31:27","modified_gmt":"2025-01-14T03:31:27","slug":"ivd-y-uv-suman-esfuerzos-por-promocion-del-deporte","status":"publish","type":"post","link":"https:\/\/noticiasveracruz.com\/index.php\/2025\/01\/14\/ivd-y-uv-suman-esfuerzos-por-promocion-del-deporte\/","title":{"rendered":"IVD y UV suman esfuerzos por promoci\u00f3n del deporte"},"content":{"rendered":"<p>El Instituto Veracruzano del Deporte (IVD) y la Facultad de Educaci\u00f3n F\u00edsica de la Universidad Veracruzana acordaron conformar una alianza estrat\u00e9gica para fortalecer el desarrollo del deporte en todos los niveles, desde la formaci\u00f3n de atletas de alto rendimiento hasta la promoci\u00f3n de la actividad f\u00edsica en la comunidad.<\/p>\n<p>En reuni\u00f3n de trabajo, los directores del Instituto, \u00d3scar Juanz Roussell, y de la Facultad, Jos\u00e9 Eduardo Molina Arriola, establecieron los lineamientos para una firma de convenio de colaboraci\u00f3n, cuya finalidad es contar con programas y estancias de investigaci\u00f3n para que estudiantes adquieran experiencia y pr\u00e1ctica en el \u00e1mbito deportivo de la mano con los especialistas en el IVD.<\/p>\n<p>Otro de los objetivos es desarrollar mecanismos de colaboraci\u00f3n para compartir recursos e instalaciones deportivas, lo que permitir\u00e1 ampliar la oferta de servicios y beneficiar a un mayor n\u00famero de deportistas.<\/p>\n<p>Ambas instituciones dise\u00f1ar\u00e1n y ejecutar\u00e1n programas deportivos que promuevan la participaci\u00f3n de la comunidad, especialmente de los j\u00f3venes, en diversas disciplinas, como lo ha instruido la gobernadora de Veracruz, Roc\u00edo Nahle Garc\u00eda.<\/p>\n","protected":false},"excerpt":{"rendered":"<p>El Instituto Veracruzano del Deporte (IVD) y la Facultad de Educaci\u00f3n F\u00edsica de la Universidad Veracruzana acordaron conformar una alianza<\/p>\n","protected":false},"author":4,"featured_media":47875,"comment_status":"closed","ping_status":"closed","sticky":false,"template":"","format":"standard","meta":{"colormag_page_container_layout":"default_layout","colormag_page_sidebar_layout":"default_layout","_jetpack_memberships_contains_paid_content":false,"footnotes":"","jetpack_publicize_message":"","jetpack_publicize_feature_enabled":true,"jetpack_social_post_already_shared":true,"jetpack_social_options":{"image_generator_settings":{"template":"highway","default_image_id":0,"font":"","enabled":false},"version":2}},"categories":[356],"tags":[],"class_list":["post-47874","post","type-post","status-publish","format-standard","has-post-thumbnail","hentry","category-veracruz"],"jetpack_publicize_connections":[],"jetpack_featured_media_url":"https:\/\/noticiasveracruz.com\/wp-content\/uploads\/2025\/01\/8c-2.jpg","jetpack_sharing_enabled":true,"publishpress_future_action":{"enabled":false,"date":"2026-05-08 00:42:11","action":"change-status","newStatus":"draft","terms":[],"taxonomy":"category","extraData":[]},"publishpress_future_workflow_manual_trigger":{"enabledWorkflows":[]},"_links":{"self":[{"href":"https:\/\/noticiasveracruz.com\/index.php\/wp-json\/wp\/v2\/posts\/47874","targetHints":{"allow":["GET"]}}],"collection":[{"href":"https:\/\/noticiasveracruz.com\/index.php\/wp-json\/wp\/v2\/posts"}],"about":[{"href":"https:\/\/noticiasveracruz.com\/index.php\/wp-json\/wp\/v2\/types\/post"}],"author":[{"embeddable":true,"href":"https:\/\/noticiasveracruz.com\/index.php\/wp-json\/wp\/v2\/users\/4"}],"replies":[{"embeddable":true,"href":"https:\/\/noticiasveracruz.com\/index.php\/wp-json\/wp\/v2\/comments?post=47874"}],"version-history":[{"count":0,"href":"https:\/\/noticiasveracruz.com\/index.php\/wp-json\/wp\/v2\/posts\/47874\/revisions"}],"wp:featuredmedia":[{"embeddable":true,"href":"https:\/\/noticiasveracruz.com\/index.php\/wp-json\/wp\/v2\/media\/47875"}],"wp:attachment":[{"href":"https:\/\/noticiasveracruz.com\/index.php\/wp-json\/wp\/v2\/media?parent=47874"}],"wp:term":[{"taxonomy":"category","embeddable":true,"href":"https:\/\/noticiasveracruz.com\/index.php\/wp-json\/wp\/v2\/categories?post=47874"},{"taxonomy":"post_tag","embeddable":true,"href":"https:\/\/noticiasveracruz.com\/index.php\/wp-json\/wp\/v2\/tags?post=47874"}],"curies":[{"name":"wp","href":"https:\/\/api.w.org\/{rel}","templated":true}]}}