{"id":47865,"date":"2025-01-13T21:17:04","date_gmt":"2025-01-14T03:17:04","guid":{"rendered":"https:\/\/noticiasveracruz.com\/?p=47865"},"modified":"2025-01-13T21:17:04","modified_gmt":"2025-01-14T03:17:04","slug":"nuevo-operativo-de-retiro-de-vendedores-ambulantes-en-calles-de-la-zona-centro-de-tuxpan","status":"publish","type":"post","link":"https:\/\/noticiasveracruz.com\/index.php\/2025\/01\/13\/nuevo-operativo-de-retiro-de-vendedores-ambulantes-en-calles-de-la-zona-centro-de-tuxpan\/","title":{"rendered":"Nuevo operativo de retiro de vendedores ambulantes en calles de la zona centro de Tuxpan"},"content":{"rendered":"<p>Tuxpan, Ver., 13 de enero de 2025. &#8211; Personal de la Direcci\u00f3n de Comercio, con el apoyo de elementos de la Secretar\u00eda de Seguridad P\u00fablica Municipal continuaron con los operativos de retiro de comerciantes ambulantes en calles de la zona centro.<\/p>\n<p><img loading=\"lazy\" decoding=\"async\" class=\"alignnone size-medium wp-image-47867\" src=\"http:\/\/noticiasveracruz.com\/wp-content\/uploads\/2025\/01\/WhatsApp-Image-2025-01-13-at-14.28.21-2-300x225.jpeg\" alt=\"\" width=\"300\" height=\"225\" srcset=\"https:\/\/noticiasveracruz.com\/wp-content\/uploads\/2025\/01\/WhatsApp-Image-2025-01-13-at-14.28.21-2-300x225.jpeg 300w, https:\/\/noticiasveracruz.com\/wp-content\/uploads\/2025\/01\/WhatsApp-Image-2025-01-13-at-14.28.21-2-1024x768.jpeg 1024w, https:\/\/noticiasveracruz.com\/wp-content\/uploads\/2025\/01\/WhatsApp-Image-2025-01-13-at-14.28.21-2-768x576.jpeg 768w, https:\/\/noticiasveracruz.com\/wp-content\/uploads\/2025\/01\/WhatsApp-Image-2025-01-13-at-14.28.21-2-1536x1152.jpeg 1536w, https:\/\/noticiasveracruz.com\/wp-content\/uploads\/2025\/01\/WhatsApp-Image-2025-01-13-at-14.28.21-2.jpeg 1600w\" sizes=\"auto, (max-width: 300px) 100vw, 300px\" \/><\/p>\n<p>Con estas acciones se garantiza el orden, el libre tr\u00e1nsito y la seguridad de los ciudadanos, principalmente de adultos mayores, personas con discapacidad y ni\u00f1os.<\/p>\n<p><img loading=\"lazy\" decoding=\"async\" class=\"alignnone size-medium wp-image-47868\" src=\"http:\/\/noticiasveracruz.com\/wp-content\/uploads\/2025\/01\/WhatsApp-Image-2025-01-13-at-14.28.21-300x225.jpeg\" alt=\"\" width=\"300\" height=\"225\" srcset=\"https:\/\/noticiasveracruz.com\/wp-content\/uploads\/2025\/01\/WhatsApp-Image-2025-01-13-at-14.28.21-300x225.jpeg 300w, https:\/\/noticiasveracruz.com\/wp-content\/uploads\/2025\/01\/WhatsApp-Image-2025-01-13-at-14.28.21-1024x768.jpeg 1024w, https:\/\/noticiasveracruz.com\/wp-content\/uploads\/2025\/01\/WhatsApp-Image-2025-01-13-at-14.28.21-768x576.jpeg 768w, https:\/\/noticiasveracruz.com\/wp-content\/uploads\/2025\/01\/WhatsApp-Image-2025-01-13-at-14.28.21-1536x1152.jpeg 1536w, https:\/\/noticiasveracruz.com\/wp-content\/uploads\/2025\/01\/WhatsApp-Image-2025-01-13-at-14.28.21.jpeg 1600w\" sizes=\"auto, (max-width: 300px) 100vw, 300px\" \/><\/p>\n<p>El alcalde, Dr. Jes\u00fas Fomperoza Torres, dijo que el ordenamiento habr\u00e1 de continuar para recuperar la movilidad y garantizar el derecho al libre tr\u00e1nsito de personas en las calles de la ciudad.<\/p>\n<p><img loading=\"lazy\" decoding=\"async\" class=\"alignnone size-medium wp-image-47869\" src=\"http:\/\/noticiasveracruz.com\/wp-content\/uploads\/2025\/01\/WhatsApp-Image-2025-01-13-at-14.28.22-1-300x225.jpeg\" alt=\"\" width=\"300\" height=\"225\" srcset=\"https:\/\/noticiasveracruz.com\/wp-content\/uploads\/2025\/01\/WhatsApp-Image-2025-01-13-at-14.28.22-1-300x225.jpeg 300w, https:\/\/noticiasveracruz.com\/wp-content\/uploads\/2025\/01\/WhatsApp-Image-2025-01-13-at-14.28.22-1-1024x768.jpeg 1024w, https:\/\/noticiasveracruz.com\/wp-content\/uploads\/2025\/01\/WhatsApp-Image-2025-01-13-at-14.28.22-1-768x576.jpeg 768w, https:\/\/noticiasveracruz.com\/wp-content\/uploads\/2025\/01\/WhatsApp-Image-2025-01-13-at-14.28.22-1-1536x1152.jpeg 1536w, https:\/\/noticiasveracruz.com\/wp-content\/uploads\/2025\/01\/WhatsApp-Image-2025-01-13-at-14.28.22-1.jpeg 1600w\" sizes=\"auto, (max-width: 300px) 100vw, 300px\" \/><\/p>\n<p>Tambi\u00e9n se habr\u00e1n de retirar las estructuras tubulares o de PTR que algunos comercios establecidos han instalado en la banqueta para exhibir mercanc\u00edas.<\/p>\n<p><img loading=\"lazy\" decoding=\"async\" class=\"alignnone size-medium wp-image-47870\" src=\"http:\/\/noticiasveracruz.com\/wp-content\/uploads\/2025\/01\/WhatsApp-Image-2025-01-13-at-14.28.22-2-300x225.jpeg\" alt=\"\" width=\"300\" height=\"225\" srcset=\"https:\/\/noticiasveracruz.com\/wp-content\/uploads\/2025\/01\/WhatsApp-Image-2025-01-13-at-14.28.22-2-300x225.jpeg 300w, https:\/\/noticiasveracruz.com\/wp-content\/uploads\/2025\/01\/WhatsApp-Image-2025-01-13-at-14.28.22-2-1024x768.jpeg 1024w, https:\/\/noticiasveracruz.com\/wp-content\/uploads\/2025\/01\/WhatsApp-Image-2025-01-13-at-14.28.22-2-768x576.jpeg 768w, https:\/\/noticiasveracruz.com\/wp-content\/uploads\/2025\/01\/WhatsApp-Image-2025-01-13-at-14.28.22-2-1536x1152.jpeg 1536w, https:\/\/noticiasveracruz.com\/wp-content\/uploads\/2025\/01\/WhatsApp-Image-2025-01-13-at-14.28.22-2.jpeg 1600w\" sizes=\"auto, (max-width: 300px) 100vw, 300px\" \/><\/p>\n<p>Los operativos ser\u00e1n permanentes para evitar que los vendedores vuelvan a colocarse sin autorizaci\u00f3n.<\/p>\n<p><img loading=\"lazy\" decoding=\"async\" class=\"alignnone size-medium wp-image-47871\" src=\"http:\/\/noticiasveracruz.com\/wp-content\/uploads\/2025\/01\/WhatsApp-Image-2025-01-13-at-14.28.22-300x225.jpeg\" alt=\"\" width=\"300\" height=\"225\" srcset=\"https:\/\/noticiasveracruz.com\/wp-content\/uploads\/2025\/01\/WhatsApp-Image-2025-01-13-at-14.28.22-300x225.jpeg 300w, https:\/\/noticiasveracruz.com\/wp-content\/uploads\/2025\/01\/WhatsApp-Image-2025-01-13-at-14.28.22-1024x768.jpeg 1024w, https:\/\/noticiasveracruz.com\/wp-content\/uploads\/2025\/01\/WhatsApp-Image-2025-01-13-at-14.28.22-768x576.jpeg 768w, https:\/\/noticiasveracruz.com\/wp-content\/uploads\/2025\/01\/WhatsApp-Image-2025-01-13-at-14.28.22-1536x1152.jpeg 1536w, https:\/\/noticiasveracruz.com\/wp-content\/uploads\/2025\/01\/WhatsApp-Image-2025-01-13-at-14.28.22.jpeg 1600w\" sizes=\"auto, (max-width: 300px) 100vw, 300px\" \/><\/p>\n<p>El retiro de los ambulantes era una demanda de la ciudadan\u00eda y se est\u00e1 actuando para restablecer el orden en la v\u00eda p\u00fablica.<\/p>\n","protected":false},"excerpt":{"rendered":"<p>Tuxpan, Ver., 13 de enero de 2025. &#8211; Personal de la Direcci\u00f3n de Comercio, con el apoyo de elementos de<\/p>\n","protected":false},"author":4,"featured_media":47872,"comment_status":"closed","ping_status":"closed","sticky":false,"template":"","format":"standard","meta":{"colormag_page_container_layout":"default_layout","colormag_page_sidebar_layout":"default_layout","_jetpack_memberships_contains_paid_content":false,"footnotes":"","jetpack_publicize_message":"","jetpack_publicize_feature_enabled":true,"jetpack_social_post_already_shared":true,"jetpack_social_options":{"image_generator_settings":{"template":"highway","default_image_id":0,"font":"","enabled":false},"version":2}},"categories":[3372,356],"tags":[],"class_list":["post-47865","post","type-post","status-publish","format-standard","has-post-thumbnail","hentry","category-gobierno-tuxpan","category-veracruz"],"jetpack_publicize_connections":[],"jetpack_featured_media_url":"https:\/\/noticiasveracruz.com\/wp-content\/uploads\/2025\/01\/WhatsApp-Image-2025-01-13-at-14.28.21-1-1.jpeg","jetpack_sharing_enabled":true,"publishpress_future_action":{"enabled":false,"date":"2026-05-07 23:50:20","action":"change-status","newStatus":"draft","terms":[],"taxonomy":"category","extraData":[]},"publishpress_future_workflow_manual_trigger":{"enabledWorkflows":[]},"_links":{"self":[{"href":"https:\/\/noticiasveracruz.com\/index.php\/wp-json\/wp\/v2\/posts\/47865","targetHints":{"allow":["GET"]}}],"collection":[{"href":"https:\/\/noticiasveracruz.com\/index.php\/wp-json\/wp\/v2\/posts"}],"about":[{"href":"https:\/\/noticiasveracruz.com\/index.php\/wp-json\/wp\/v2\/types\/post"}],"author":[{"embeddable":true,"href":"https:\/\/noticiasveracruz.com\/index.php\/wp-json\/wp\/v2\/users\/4"}],"replies":[{"embeddable":true,"href":"https:\/\/noticiasveracruz.com\/index.php\/wp-json\/wp\/v2\/comments?post=47865"}],"version-history":[{"count":0,"href":"https:\/\/noticiasveracruz.com\/index.php\/wp-json\/wp\/v2\/posts\/47865\/revisions"}],"wp:featuredmedia":[{"embeddable":true,"href":"https:\/\/noticiasveracruz.com\/index.php\/wp-json\/wp\/v2\/media\/47872"}],"wp:attachment":[{"href":"https:\/\/noticiasveracruz.com\/index.php\/wp-json\/wp\/v2\/media?parent=47865"}],"wp:term":[{"taxonomy":"category","embeddable":true,"href":"https:\/\/noticiasveracruz.com\/index.php\/wp-json\/wp\/v2\/categories?post=47865"},{"taxonomy":"post_tag","embeddable":true,"href":"https:\/\/noticiasveracruz.com\/index.php\/wp-json\/wp\/v2\/tags?post=47865"}],"curies":[{"name":"wp","href":"https:\/\/api.w.org\/{rel}","templated":true}]}}