{"id":47859,"date":"2025-01-13T02:57:28","date_gmt":"2025-01-13T08:57:28","guid":{"rendered":"https:\/\/noticiasveracruz.com\/?p=47859"},"modified":"2025-01-13T02:57:28","modified_gmt":"2025-01-13T08:57:28","slug":"noboa-suspende-su-campana-y-retoma-presidencia-de-ecuador","status":"publish","type":"post","link":"https:\/\/noticiasveracruz.com\/index.php\/2025\/01\/13\/noboa-suspende-su-campana-y-retoma-presidencia-de-ecuador\/","title":{"rendered":"Noboa suspende su campa\u00f1a y retoma presidencia de Ecuador"},"content":{"rendered":"<p>El presidente de Ecuador, Daniel Noboa, suspendi\u00f3 este domingo su campa\u00f1a en la provincia de El Oro tras el asesinato de un alcalde de ese territorio, y retom\u00f3 la jefatura del gobierno, que hab\u00eda cedido temporalmente a Cynthia Gellibert.<\/p>\n<p>El mandatario volvi\u00f3 al cargo este domingo horas antes de lo previsto y derog\u00f3 el Decreto Ejecutivo 500, el cual designaba a Gellibert hasta las 16:59 hora local, mientras participaba en actos proselitistas en busca de su relecci\u00f3n en los comicios del pr\u00f3ximo 9 de febrero.<\/p>\n<p>El asesinato del alcalde de Arenillas, Eber Ponce, oblig\u00f3 a que Noboa adelantara su regreso a las labores presidenciales este mismo 12 de enero.<\/p>\n<p>\u201cUna muestra de que los grupos armados organizados atacan al Estado con m\u00e1s intensidad en los momentos en los cuales el Ecuador atraviesa un proceso electoral, con la finalidad de generar terror en la poblaci\u00f3n\u201d, resume el nuevo decreto emitido por Noboa para adelantar el regreso a su cargo.<\/p>\n<p>La Secretar\u00eda de Comunicaci\u00f3n de la Presidencia inform\u00f3 que el gobernante encabezar\u00e1 este domingo una reuni\u00f3n del bloque de seguridad en la ciudad de Machala, provincia de El Oro (suroeste), desde donde se articular\u00e1n esfuerzos para enfrentar la delincuencia organizada.<\/p>\n<p>Ese nuevo hecho de violencia pol\u00edtica tiene lugar a pesar de la declaratoria de conflicto armado interno y el estado de excepci\u00f3n vigente en ese territorio y en otras provincias del pa\u00eds.<\/p>\n<p>b\u00ed; Jos\u00e9 S\u00e1nchez, de Camilo Ponce Enr\u00edquez, provincia de Azuay, y Jorge Maldonado, de Portovelo, provincia de El Oro.<\/p>\n<p>A ellos se suman los homicidios de otros tres pol\u00edticos durante el gobierno de Noboa. El crimen contra Ponce ocurri\u00f3 en plena campa\u00f1a electoral previa a los comicios generales del 9 de febrero, cuando Ecuador ir\u00e1 a las urnas a elegir presidente, vicepresidente, legisladores y parlamentarios andinos.<\/p>\n<div class=\"teads-inread sm-screen\">\n<div>\n<div class=\"teads-ui-components-adchoices\"><\/div>\n<\/div>\n<\/div>\n","protected":false},"excerpt":{"rendered":"<p>El presidente de Ecuador, Daniel Noboa, suspendi\u00f3 este domingo su campa\u00f1a en la provincia de El Oro tras el asesinato<\/p>\n","protected":false},"author":4,"featured_media":47860,"comment_status":"closed","ping_status":"closed","sticky":false,"template":"","format":"standard","meta":{"colormag_page_container_layout":"default_layout","colormag_page_sidebar_layout":"default_layout","_jetpack_memberships_contains_paid_content":false,"footnotes":"","jetpack_publicize_message":"","jetpack_publicize_feature_enabled":true,"jetpack_social_post_already_shared":true,"jetpack_social_options":{"image_generator_settings":{"template":"highway","default_image_id":0,"font":"","enabled":false},"version":2}},"categories":[355],"tags":[],"class_list":["post-47859","post","type-post","status-publish","format-standard","has-post-thumbnail","hentry","category-internacional"],"jetpack_publicize_connections":[],"jetpack_featured_media_url":"https:\/\/noticiasveracruz.com\/wp-content\/uploads\/2025\/01\/NO.jpg","jetpack_sharing_enabled":true,"publishpress_future_action":{"enabled":false,"date":"2026-05-08 00:42:17","action":"change-status","newStatus":"draft","terms":[],"taxonomy":"category","extraData":[]},"publishpress_future_workflow_manual_trigger":{"enabledWorkflows":[]},"_links":{"self":[{"href":"https:\/\/noticiasveracruz.com\/index.php\/wp-json\/wp\/v2\/posts\/47859","targetHints":{"allow":["GET"]}}],"collection":[{"href":"https:\/\/noticiasveracruz.com\/index.php\/wp-json\/wp\/v2\/posts"}],"about":[{"href":"https:\/\/noticiasveracruz.com\/index.php\/wp-json\/wp\/v2\/types\/post"}],"author":[{"embeddable":true,"href":"https:\/\/noticiasveracruz.com\/index.php\/wp-json\/wp\/v2\/users\/4"}],"replies":[{"embeddable":true,"href":"https:\/\/noticiasveracruz.com\/index.php\/wp-json\/wp\/v2\/comments?post=47859"}],"version-history":[{"count":0,"href":"https:\/\/noticiasveracruz.com\/index.php\/wp-json\/wp\/v2\/posts\/47859\/revisions"}],"wp:featuredmedia":[{"embeddable":true,"href":"https:\/\/noticiasveracruz.com\/index.php\/wp-json\/wp\/v2\/media\/47860"}],"wp:attachment":[{"href":"https:\/\/noticiasveracruz.com\/index.php\/wp-json\/wp\/v2\/media?parent=47859"}],"wp:term":[{"taxonomy":"category","embeddable":true,"href":"https:\/\/noticiasveracruz.com\/index.php\/wp-json\/wp\/v2\/categories?post=47859"},{"taxonomy":"post_tag","embeddable":true,"href":"https:\/\/noticiasveracruz.com\/index.php\/wp-json\/wp\/v2\/tags?post=47859"}],"curies":[{"name":"wp","href":"https:\/\/api.w.org\/{rel}","templated":true}]}}