{"id":47853,"date":"2025-01-13T02:54:09","date_gmt":"2025-01-13T08:54:09","guid":{"rendered":"https:\/\/noticiasveracruz.com\/?p=47853"},"modified":"2025-01-13T02:54:09","modified_gmt":"2025-01-13T08:54:09","slug":"serbia-se-ofrece-para-acoger-posible-reunion-entre-putin-y-trump","status":"publish","type":"post","link":"https:\/\/noticiasveracruz.com\/index.php\/2025\/01\/13\/serbia-se-ofrece-para-acoger-posible-reunion-entre-putin-y-trump\/","title":{"rendered":"Serbia se ofrece para acoger posible reuni\u00f3n entre Putin y Trump"},"content":{"rendered":"<p>El presidente de Serbia, Aleksandar Vucic, ofreci\u00f3 que su pa\u00eds albergue una posible reuni\u00f3n del presidente ruso, Vlad\u00edmir Putin, y el mandatario electo de Estados Unidos, Donald Trump.<\/p>\n<p>\u00abMe gustar\u00eda declarar oficialmente por primera vez que Serbia est\u00e1 interesada en convertirse en sede de una reuni\u00f3n entre los presidentes de la Federaci\u00f3n de Rusia y EU\u00bb, anunci\u00f3 Vucic en declaraciones a la cadena<em>\u00a0TV Pink<\/em>.<\/p>\n<p>El presidente justific\u00f3 su propuesta destacando que Serbia es un pa\u00eds \u00abcompletamente independiente y autosuficiente\u00bb que se mantiene fuera de bloques militares y est\u00e1 preparado para garantizar la seguridad de ambos presidentes.<\/p>\n<p>El jueves pasado, Trump afirm\u00f3 que Putin hab\u00eda expresado su inter\u00e9s en reunirse con \u00e9l y que ambas partes estaban preparando dicho encuentro.<\/p>\n<p>A su vez, el portavoz del Kremlin, Dmitri Peskov, afirm\u00f3 que Putin permanece abierto a conversar con los l\u00edderes mundiales, incluido el mandatario electo de EU.<\/p>\n<p>El futuro asesor de Seguridad Nacional de la Casa Blanca, Mike Waltz, avanz\u00f3 este domingo que una llamada telef\u00f3nica entre los dos mandatarios podr\u00eda tener lugar en los pr\u00f3ximos d\u00edas o semanas.<\/p>\n<p>En lo referente a una reuni\u00f3n de Trump y Putin, Waltz confirm\u00f3 que los preparativos est\u00e1n en marcha.<\/p>\n","protected":false},"excerpt":{"rendered":"<p>El presidente de Serbia, Aleksandar Vucic, ofreci\u00f3 que su pa\u00eds albergue una posible reuni\u00f3n del presidente ruso, Vlad\u00edmir Putin, y<\/p>\n","protected":false},"author":4,"featured_media":47854,"comment_status":"closed","ping_status":"closed","sticky":false,"template":"","format":"standard","meta":{"colormag_page_container_layout":"default_layout","colormag_page_sidebar_layout":"default_layout","_jetpack_memberships_contains_paid_content":false,"footnotes":"","jetpack_publicize_message":"","jetpack_publicize_feature_enabled":true,"jetpack_social_post_already_shared":true,"jetpack_social_options":{"image_generator_settings":{"template":"highway","default_image_id":0,"font":"","enabled":false},"version":2}},"categories":[355],"tags":[],"class_list":["post-47853","post","type-post","status-publish","format-standard","has-post-thumbnail","hentry","category-internacional"],"jetpack_publicize_connections":[],"jetpack_featured_media_url":"https:\/\/noticiasveracruz.com\/wp-content\/uploads\/2025\/01\/PT.jpg","jetpack_sharing_enabled":true,"publishpress_future_action":{"enabled":false,"date":"2026-05-08 02:47:33","action":"change-status","newStatus":"draft","terms":[],"taxonomy":"category","extraData":[]},"publishpress_future_workflow_manual_trigger":{"enabledWorkflows":[]},"_links":{"self":[{"href":"https:\/\/noticiasveracruz.com\/index.php\/wp-json\/wp\/v2\/posts\/47853","targetHints":{"allow":["GET"]}}],"collection":[{"href":"https:\/\/noticiasveracruz.com\/index.php\/wp-json\/wp\/v2\/posts"}],"about":[{"href":"https:\/\/noticiasveracruz.com\/index.php\/wp-json\/wp\/v2\/types\/post"}],"author":[{"embeddable":true,"href":"https:\/\/noticiasveracruz.com\/index.php\/wp-json\/wp\/v2\/users\/4"}],"replies":[{"embeddable":true,"href":"https:\/\/noticiasveracruz.com\/index.php\/wp-json\/wp\/v2\/comments?post=47853"}],"version-history":[{"count":0,"href":"https:\/\/noticiasveracruz.com\/index.php\/wp-json\/wp\/v2\/posts\/47853\/revisions"}],"wp:featuredmedia":[{"embeddable":true,"href":"https:\/\/noticiasveracruz.com\/index.php\/wp-json\/wp\/v2\/media\/47854"}],"wp:attachment":[{"href":"https:\/\/noticiasveracruz.com\/index.php\/wp-json\/wp\/v2\/media?parent=47853"}],"wp:term":[{"taxonomy":"category","embeddable":true,"href":"https:\/\/noticiasveracruz.com\/index.php\/wp-json\/wp\/v2\/categories?post=47853"},{"taxonomy":"post_tag","embeddable":true,"href":"https:\/\/noticiasveracruz.com\/index.php\/wp-json\/wp\/v2\/tags?post=47853"}],"curies":[{"name":"wp","href":"https:\/\/api.w.org\/{rel}","templated":true}]}}