{"id":47850,"date":"2025-01-13T02:52:14","date_gmt":"2025-01-13T08:52:14","guid":{"rendered":"https:\/\/noticiasveracruz.com\/?p=47850"},"modified":"2025-01-13T02:52:14","modified_gmt":"2025-01-13T08:52:14","slug":"protestan-miles-en-bilbao-piden-abrir-celdas-a-presos-de-eta","status":"publish","type":"post","link":"https:\/\/noticiasveracruz.com\/index.php\/2025\/01\/13\/protestan-miles-en-bilbao-piden-abrir-celdas-a-presos-de-eta\/","title":{"rendered":"Protestan miles en Bilbao; piden abrir celdas a presos de ETA"},"content":{"rendered":"<p>Decenas de miles de personas se han manifestado este s\u00e1bado en Bilbao, convocadas por la red ciudadana Sare, para pedir \u00ababrir las puertas de las celdas\u00bb a los presos de ETA con la legislaci\u00f3n ordinaria. Durante la marcha, el colectivo ha celebrado la \u00abvictoria\u00bb del fin de c\u00f3mputo de penas, pero ha denunciado \u00abexcepcionalidades\u00bb como el bloqueo de progresiones de grado.<\/p>\n<p>La tradicional manifestaci\u00f3n anual, convocada por Sare bajo el lema \u00abBehin Betiko konponbidea, elkarbizitza, bakea\u00bb (Definitivamente. Resoluci\u00f3n, paz, convivencia), ha partido pasadas las 17.15 horas desde el pabell\u00f3n de La Casilla de la capital vizca\u00edna.<\/p>\n<p>La pancarta, de grandes dimensiones, ha sido portada por Ane Muguruza, hija del diputado de HB Josu Muguruza, asesinado en 1989 en Madrid por un grupo de extrema derecha; la representante de Bakebidean, Emilie Martin; el periodista Martxelo Otamendi; la activista vasco-saharaui Garazi Hach Embarek; la profesora de la UPV\/EHU Arantza Aldezabal; la abogada Amaia Izko, la representante de Harrera, Eva Ferreira; el actor Patxi Biskert; el ex alcalde de Bergara Jos\u00e9 Luis Elkoro; el miembro de Senidea Rafael Larretxea y los portavoces de Sare, Bego Atxa y Joseba Azkarraga.<\/p>\n<p>La marcha, que se ha desarrollado en un ambiente festivo, ha sido encabezada por una hilera de zanpanzar, custodiados por media docena de personajes propios de la mitolog\u00eda vasca. Entre los congregados han desfilado m\u00e1s de un centenar de familiares de presos de ETA.<\/p>\n<p>Entre gritos de &#8216;Amnistia osoa&#8217; (amnistia total) y &#8216;Euskal presoak, etxera!&#8217; (los presos vascos \u00a1A casa!) la manifestaci\u00f3n ha discurrido por las calles Autonom\u00eda, Zabalburu, Hurtado de Amezaga, Plaza Circular y Buenos Aires, hasta el Ayuntamiento de Bilbao, donde los convocantes han le\u00eddo un manifiesto.<\/p>\n<p>A lo largo de todo el recorrido, los congregados en borde de las aceras han aplaudido y vitoreado a quienes marchaban, precedidos del repiqueteo de los cencerros que los zanpanzar &#8211;personaje de la cultura navarra&#8211; llevaban sujetos a la cintura<\/p>\n<p>Entre los manifestantes se han entremezclado representantes pol\u00edticos y de organizaciones sindicales y sociales, que han reivindicado \u00abel fin de las pol\u00edticas de excepci\u00f3n\u00bb que \u00abcontin\u00faa aplicando el Estado espa\u00f1ol\u00bb.<\/p>\n<p>EH Bildu ha participado en la marcha con una representaci\u00f3n encabezada por su coordinador general, Arnaldo Otegi; el portavoz parlamentario, Pello Otxandiano; el senador Gorka Elejabarrieta y la portavoz de la formaci\u00f3n en Navarra, Laura Aznal. Por Sortu, ha acudido su secretario general, Arkaitz Rodr\u00edguez, y por EA, su secretaria general, Eba Blanco.<\/p>\n<p>El ex president de la Generalitat Quim Torra, la expresidenta del Parlament Laura Borr\u00e0s, y la ex vicepresidenta de la C\u00e1mara Aurora Madaula, se han situado en segunda fila, tras la parcarta que ha encabezado la manifestaci\u00f3n.<\/p>\n<p>Un a\u00f1o m\u00e1s, han participado en la convocatoria representantes de los partidos nacionalistas catalanes. En representaci\u00f3n de Junts per Catalunya ha acudido Josep Pag\u00e8s i Mass\u00f3; por Esquerra, la eurodiputada Diana Riba; de la la ANC, Toni Strubell; por parte de la CUP, su portavoz, Su Moreno, y por Omnium Cultural, su presidente, Xavier Antich. Asimismo, se ha desplazado hasta Bilbao C\u00e8sar Lagonigro, de la Coordinadora de l\u00e1dvocacia de Catalunya. Tambi\u00e9n han asistido dirigentes de M\u00e9s per Mallorca y BNG.<\/p>\n<p>Tambi\u00e9n han desfilado con los manifestantes representantes sindicales vascos, como el secretario general de ELA, Mitxel Lakuntza, y el coordinador general de LAB Igor Arroyo, adem\u00e1s de integrantes de ESK, Steilas, Hiru, EHNE, CGT, CNT y Etxalde, y de colectivos como Bakebidean, Gure Esku Dago, Egiari Zor, Paz con Dignidad, Harrera, Etxerat o Ernai.<\/p>\n","protected":false},"excerpt":{"rendered":"<p>Decenas de miles de personas se han manifestado este s\u00e1bado en Bilbao, convocadas por la red ciudadana Sare, para pedir<\/p>\n","protected":false},"author":4,"featured_media":47851,"comment_status":"closed","ping_status":"closed","sticky":false,"template":"","format":"standard","meta":{"colormag_page_container_layout":"default_layout","colormag_page_sidebar_layout":"default_layout","_jetpack_memberships_contains_paid_content":false,"footnotes":"","jetpack_publicize_message":"","jetpack_publicize_feature_enabled":true,"jetpack_social_post_already_shared":true,"jetpack_social_options":{"image_generator_settings":{"template":"highway","default_image_id":0,"font":"","enabled":false},"version":2}},"categories":[355],"tags":[],"class_list":["post-47850","post","type-post","status-publish","format-standard","has-post-thumbnail","hentry","category-internacional"],"jetpack_publicize_connections":[],"jetpack_featured_media_url":"https:\/\/noticiasveracruz.com\/wp-content\/uploads\/2025\/01\/eta-miles-personas-piden-bilbao-abrir-puertas-celdas-presos-legislacion-ordinaria.jpg","jetpack_sharing_enabled":true,"publishpress_future_action":{"enabled":false,"date":"2026-05-08 03:50:44","action":"change-status","newStatus":"draft","terms":[],"taxonomy":"category","extraData":[]},"publishpress_future_workflow_manual_trigger":{"enabledWorkflows":[]},"_links":{"self":[{"href":"https:\/\/noticiasveracruz.com\/index.php\/wp-json\/wp\/v2\/posts\/47850","targetHints":{"allow":["GET"]}}],"collection":[{"href":"https:\/\/noticiasveracruz.com\/index.php\/wp-json\/wp\/v2\/posts"}],"about":[{"href":"https:\/\/noticiasveracruz.com\/index.php\/wp-json\/wp\/v2\/types\/post"}],"author":[{"embeddable":true,"href":"https:\/\/noticiasveracruz.com\/index.php\/wp-json\/wp\/v2\/users\/4"}],"replies":[{"embeddable":true,"href":"https:\/\/noticiasveracruz.com\/index.php\/wp-json\/wp\/v2\/comments?post=47850"}],"version-history":[{"count":0,"href":"https:\/\/noticiasveracruz.com\/index.php\/wp-json\/wp\/v2\/posts\/47850\/revisions"}],"wp:featuredmedia":[{"embeddable":true,"href":"https:\/\/noticiasveracruz.com\/index.php\/wp-json\/wp\/v2\/media\/47851"}],"wp:attachment":[{"href":"https:\/\/noticiasveracruz.com\/index.php\/wp-json\/wp\/v2\/media?parent=47850"}],"wp:term":[{"taxonomy":"category","embeddable":true,"href":"https:\/\/noticiasveracruz.com\/index.php\/wp-json\/wp\/v2\/categories?post=47850"},{"taxonomy":"post_tag","embeddable":true,"href":"https:\/\/noticiasveracruz.com\/index.php\/wp-json\/wp\/v2\/tags?post=47850"}],"curies":[{"name":"wp","href":"https:\/\/api.w.org\/{rel}","templated":true}]}}