{"id":47847,"date":"2025-01-13T02:50:00","date_gmt":"2025-01-13T08:50:00","guid":{"rendered":"https:\/\/noticiasveracruz.com\/?p=47847"},"modified":"2025-01-13T02:50:00","modified_gmt":"2025-01-13T08:50:00","slug":"reduce-29-42-incidencia-delictiva-en-bc-el-ultimo-ano","status":"publish","type":"post","link":"https:\/\/noticiasveracruz.com\/index.php\/2025\/01\/13\/reduce-29-42-incidencia-delictiva-en-bc-el-ultimo-ano\/","title":{"rendered":"Reduce 29.42% incidencia delictiva en BC el \u00faltimo a\u00f1o"},"content":{"rendered":"<p>En Baja California se registr\u00f3 una disminuci\u00f3n significativa de los \u00edndices delictivos del 29.42 por ciento, con base en datos de un estudio comparativo anual del Observatorio Nacional Ciudadano.<\/p>\n<p>Para el gobierno estatal est\u00e1 reducci\u00f3n es resultado de las estrategias implementadas para fortalecer la seguridad y preservar la paz en la entidad y el trabajo de coordinaci\u00f3n en las Mesas de Seguridad con municipios y gobierno federal.<\/p>\n<p>En el an\u00e1lisis comparativo con noviembre de 2023 la baja fue del 29.42 por ciento, mientras la disminuci\u00f3n con respecto a octubre de 2024 del 11.56 por ciento.<\/p>\n<p>Entre noviembre de 2023 y 2025 la incidencia de delitos a la baja son del 77.24 en extorsi\u00f3n, 55.28 en robo a casa habitaci\u00f3n, 53.95 en robo a transe\u00fante y 48.20 en robo a negocio.<\/p>\n<p>En cuanto a robo con violencia se redujo en un 47.48 por ciento, en homicidio doloso en\u00a0 22.12 en robo a veh\u00edculos en 13.49, en narcomenudeo 11.74 y 6.23 en violencia familiar.<\/p>\n<p>La informaci\u00f3n publicada en la plataforma del Observatorio Nacional Ciudadano se basa en el n\u00famero de carpetas de investigaci\u00f3n por cada 100 mil habitantes.<\/p>\n<p>La gobernadora Marina del Pilar \u00c1vila Olmeda dijo que este an\u00e1lisis comparativo\u00a0 proporciona una perspectiva clara sobre la situaci\u00f3n de seguridad.<\/p>\n<p>Dio a conocer que las Mesas de Seguridad Estatal de Tijuana y de Coordinaci\u00f3n Metropolitana de Tijuana, Tecate y Playas de Rosarito impulsar\u00e1n acciones en materia de seguridad p\u00fablica que contribuir\u00e1n a un seguimiento m\u00e1s eficaz de los incidentes delictivos.<\/p>\n<p>Adem\u00e1s est\u00e1 el acuerdo de la Secretar\u00eda de Seguridad Ciudadana del Estado para hacerse cargo del patrullaje en Tecate, mientras los polic\u00edas municipales se dometen a pruebas extraordinaria de confianza.<\/p>\n","protected":false},"excerpt":{"rendered":"<p>En Baja California se registr\u00f3 una disminuci\u00f3n significativa de los \u00edndices delictivos del 29.42 por ciento, con base en datos<\/p>\n","protected":false},"author":4,"featured_media":47848,"comment_status":"closed","ping_status":"closed","sticky":false,"template":"","format":"standard","meta":{"colormag_page_container_layout":"default_layout","colormag_page_sidebar_layout":"default_layout","_jetpack_memberships_contains_paid_content":false,"footnotes":"","jetpack_publicize_message":"","jetpack_publicize_feature_enabled":true,"jetpack_social_post_already_shared":true,"jetpack_social_options":{"image_generator_settings":{"template":"highway","default_image_id":0,"font":"","enabled":false},"version":2}},"categories":[145],"tags":[],"class_list":["post-47847","post","type-post","status-publish","format-standard","has-post-thumbnail","hentry","category-estados"],"jetpack_publicize_connections":[],"jetpack_featured_media_url":"https:\/\/noticiasveracruz.com\/wp-content\/uploads\/2025\/01\/ASDCVF.jpg","jetpack_sharing_enabled":true,"publishpress_future_action":{"enabled":false,"date":"2026-05-08 04:36:58","action":"change-status","newStatus":"draft","terms":[],"taxonomy":"category","extraData":[]},"publishpress_future_workflow_manual_trigger":{"enabledWorkflows":[]},"_links":{"self":[{"href":"https:\/\/noticiasveracruz.com\/index.php\/wp-json\/wp\/v2\/posts\/47847","targetHints":{"allow":["GET"]}}],"collection":[{"href":"https:\/\/noticiasveracruz.com\/index.php\/wp-json\/wp\/v2\/posts"}],"about":[{"href":"https:\/\/noticiasveracruz.com\/index.php\/wp-json\/wp\/v2\/types\/post"}],"author":[{"embeddable":true,"href":"https:\/\/noticiasveracruz.com\/index.php\/wp-json\/wp\/v2\/users\/4"}],"replies":[{"embeddable":true,"href":"https:\/\/noticiasveracruz.com\/index.php\/wp-json\/wp\/v2\/comments?post=47847"}],"version-history":[{"count":0,"href":"https:\/\/noticiasveracruz.com\/index.php\/wp-json\/wp\/v2\/posts\/47847\/revisions"}],"wp:featuredmedia":[{"embeddable":true,"href":"https:\/\/noticiasveracruz.com\/index.php\/wp-json\/wp\/v2\/media\/47848"}],"wp:attachment":[{"href":"https:\/\/noticiasveracruz.com\/index.php\/wp-json\/wp\/v2\/media?parent=47847"}],"wp:term":[{"taxonomy":"category","embeddable":true,"href":"https:\/\/noticiasveracruz.com\/index.php\/wp-json\/wp\/v2\/categories?post=47847"},{"taxonomy":"post_tag","embeddable":true,"href":"https:\/\/noticiasveracruz.com\/index.php\/wp-json\/wp\/v2\/tags?post=47847"}],"curies":[{"name":"wp","href":"https:\/\/api.w.org\/{rel}","templated":true}]}}