{"id":47645,"date":"2025-01-10T00:21:40","date_gmt":"2025-01-10T06:21:40","guid":{"rendered":"https:\/\/noticiasveracruz.com\/?p=47645"},"modified":"2025-01-10T01:04:03","modified_gmt":"2025-01-10T07:04:03","slug":"duro-ataque-a-la-secretaria-de-educacion-de-veracruz","status":"publish","type":"post","link":"https:\/\/noticiasveracruz.com\/index.php\/2025\/01\/10\/duro-ataque-a-la-secretaria-de-educacion-de-veracruz\/","title":{"rendered":"Duro ataque a la Secretar\u00eda de Educaci\u00f3n de Veracruz"},"content":{"rendered":"<h2>\u00b7\u00a0\u00a0\u00a0\u00a0\u00a0\u00a0\u00a0Director de Actividades Art\u00edsticas, sin experiencia ni el perfil necesario<\/h2>\n<h2>\u00b7\u00a0\u00a0\u00a0\u00a0\u00a0\u00a0\u00a0Nombrado sin contar con t\u00edtulo profesional que le fue conseguido en unas semanas<\/h2>\n<h2>\u00b7\u00a0\u00a0\u00a0\u00a0\u00a0\u00a0\u00a0De repartidor del peri\u00f3dico de Morena \u201cRegeneraci\u00f3n\u201d a Director Cultural en la SEV<\/h2>\n<p style=\"font-weight: 400;\"><strong>Por Miguel \u00c1ngel Cristiani G.<\/strong><\/p>\n<p style=\"font-weight: 400;\">En diciembre del 2024 Roc\u00edo Nahle nombr\u00f3 como titular de la Secretar\u00eda de Educaci\u00f3n de Veracruz a Claudia Tello Espinosa, otorg\u00e1ndole la confianza para desempe\u00f1ar uno de los aparatos m\u00e1s importantes en el estado, fue as\u00ed que \u00c1ngel Alberto Borjas Solorza fue nombrado Director de Actividades Art\u00edsticas, siendo un riesgo para el desempe\u00f1o de ambas mujeres, pues adem\u00e1s de no tener un perfil con habilidades y experiencia art\u00edstica carece de requisitos acad\u00e9micos indispensables para encabezar una direcci\u00f3n tan importante dentro de la Secretar\u00eda de Educaci\u00f3n.<\/p>\n<p style=\"font-weight: 400;\">Al asumir el cargo \u00c1ngel Borjas Solorza no contaba con C\u00e9dula Profesional en el Registro Nacional de Profesionistas. Semanas despu\u00e9s y tras ser cuestionado por su perfil acad\u00e9mico fue registrado con la c\u00e9dula 14623940 como licenciado en Derecho por el Instituto de Investigaciones de Ciencias y Humanidades y es aqu\u00ed donde comienza lo grave.<\/p>\n<p style=\"font-weight: 400;\">El Instituto de Investigaciones de Ciencias y Humanidades seg\u00fan la ficha t\u00e9cnica del Sistema de Reconocimiento de Validez Oficial de Estudios del tipo Superior tiene su Sede en la ciudad de Oaxaca, su raz\u00f3n social es Red de Escuelas Universitarias del Sureste, Sociedad Civil y cuenta con dos RVOES para la carrera de Derecho 20180618 y 20180694 las cuales fueron otorgadas el 28-05-2018 y el 13-06-2018 respectivamente, lo que nos lleva a cuestionarnos varias cosas respecto al egreso de \u00c1ngel Borjas Solorza de la Instituci\u00f3n de la cual es rector Miguel \u00c1ngel L\u00f3pez Z\u00fa\u00f1iga.<\/p>\n<p style=\"font-weight: 400;\">En primer punto est\u00e1 la incongruencia con la geograf\u00eda y tiempo de matriculaci\u00f3n y para sustentarlo est\u00e1 el hecho de que \u00c1ngel Borjas Solorza, antes de ser promotor de la actual Secretaria de Educaci\u00f3n y repartidor del peri\u00f3dico Regeneraci\u00f3n, en el 2021 particip\u00f3 como candidato a Diputado local por el Distrito 08 perteneciente a Misantla, por el partido \u201cPodemos\u201d respaldado por Francisco Garrido. Por otra parte, el 12 de noviembre del 2022 \u00c1ngel Borjas public\u00f3 su diploma como licenciado en Ciencias Pol\u00edticas y Administraci\u00f3n P\u00fablica del Centro Educativo de Veracruz CEVER Siglo XXI, un centro educativo que no cuenta con reconocimiento de Validez Oficial de Estudios (RVOE) ante el\u00a0Sistema Reconocimiento de Validez Oficial de Estudios Superiores Federales y Estatales de la Secretar\u00eda de Educaci\u00f3n P\u00fablica. \u00bfCu\u00e1ndo y c\u00f3mo Borjas Solorza curs\u00f3 la licenciatura en Derecho en una universidad en Oaxaca?<\/p>\n<p style=\"font-weight: 400;\">Ante esta situaci\u00f3n se suma el hecho de que la Direcci\u00f3n de Actividades Art\u00edsticas est\u00e1 a cargo por un joven con nula experiencia en la funci\u00f3n p\u00fablica y educaci\u00f3n art\u00edstica, quien se inici\u00f3 en las filas del Partido Revolucionario Institucional (PRI) y que en el \u00faltimo lustro se le ha asociado a diferentes ideolog\u00edas y partidos pol\u00edticos. A un mes de su funci\u00f3n como Director ha ocasionado confrontaciones con los maestros, amenaz\u00e1ndoles de quitarles de sus centros de trabajo, generando incertidumbre, violencia laboral e indignaci\u00f3n con los sindicatos. Los abusos de Borjas han ido escalando con el paso de los d\u00edas, incluso hasta exigir a los maestros que instalen una aplicaci\u00f3n en sus celulares para tener acceso a su ubicaci\u00f3n, violando as\u00ed sus derechos y poniendo en riesgo la desaparici\u00f3n de la Direcci\u00f3n que tanto esfuerzo y tiempo cost\u00f3 consolidar y que por tantos a\u00f1os ha dado frutos invaluables a las infancias\u00a0veracruzanas.<\/p>\n<p style=\"font-weight: 400;\">Para m\u00e1s informaci\u00f3n consulta nuestra p\u00e1gina\u00a0<a href=\"https:\/\/www.xn--bitacoraspolticas-ovb.com\/\" data-saferedirecturl=\"https:\/\/www.google.com\/url?q=https:\/\/www.xn--bitacoraspolticas-ovb.com\/&amp;source=gmail&amp;ust=1736561838187000&amp;usg=AOvVaw2k5hEmXIuUHdyrLnwkSiS8\">https:\/\/www.xn--bitacoraspolticas-ovb.com\/<\/a><\/p>\n<p><img loading=\"lazy\" decoding=\"async\" class=\"alignnone wp-image-47646 size-full\" src=\"http:\/\/noticiasveracruz.com\/wp-content\/uploads\/2025\/01\/FIRMA-EDITORIAL-PD-2.jpg\" alt=\"\" width=\"1024\" height=\"125\" srcset=\"https:\/\/noticiasveracruz.com\/wp-content\/uploads\/2025\/01\/FIRMA-EDITORIAL-PD-2.jpg 1024w, https:\/\/noticiasveracruz.com\/wp-content\/uploads\/2025\/01\/FIRMA-EDITORIAL-PD-2-300x37.jpg 300w, https:\/\/noticiasveracruz.com\/wp-content\/uploads\/2025\/01\/FIRMA-EDITORIAL-PD-2-768x94.jpg 768w\" sizes=\"auto, (max-width: 1024px) 100vw, 1024px\" \/><\/p>\n","protected":false},"excerpt":{"rendered":"<p>\u00b7\u00a0\u00a0\u00a0\u00a0\u00a0\u00a0\u00a0Director de Actividades Art\u00edsticas, sin experiencia ni el perfil necesario \u00b7\u00a0\u00a0\u00a0\u00a0\u00a0\u00a0\u00a0Nombrado sin contar con t\u00edtulo profesional que le fue conseguido<\/p>\n","protected":false},"author":4,"featured_media":29037,"comment_status":"closed","ping_status":"closed","sticky":false,"template":"","format":"standard","meta":{"colormag_page_container_layout":"default_layout","colormag_page_sidebar_layout":"default_layout","_jetpack_memberships_contains_paid_content":false,"footnotes":"","jetpack_publicize_message":"","jetpack_publicize_feature_enabled":true,"jetpack_social_post_already_shared":true,"jetpack_social_options":{"image_generator_settings":{"template":"highway","default_image_id":0,"font":"","enabled":false},"version":2}},"categories":[6],"tags":[],"class_list":["post-47645","post","type-post","status-publish","format-standard","has-post-thumbnail","hentry","category-columnistas"],"jetpack_publicize_connections":[],"jetpack_featured_media_url":"https:\/\/noticiasveracruz.com\/wp-content\/uploads\/2024\/04\/BANNER-cristiani-NV.jpg","jetpack_sharing_enabled":true,"publishpress_future_action":{"enabled":false,"date":"2026-05-09 06:52:19","action":"change-status","newStatus":"draft","terms":[],"taxonomy":"category","extraData":[]},"publishpress_future_workflow_manual_trigger":{"enabledWorkflows":[]},"_links":{"self":[{"href":"https:\/\/noticiasveracruz.com\/index.php\/wp-json\/wp\/v2\/posts\/47645","targetHints":{"allow":["GET"]}}],"collection":[{"href":"https:\/\/noticiasveracruz.com\/index.php\/wp-json\/wp\/v2\/posts"}],"about":[{"href":"https:\/\/noticiasveracruz.com\/index.php\/wp-json\/wp\/v2\/types\/post"}],"author":[{"embeddable":true,"href":"https:\/\/noticiasveracruz.com\/index.php\/wp-json\/wp\/v2\/users\/4"}],"replies":[{"embeddable":true,"href":"https:\/\/noticiasveracruz.com\/index.php\/wp-json\/wp\/v2\/comments?post=47645"}],"version-history":[{"count":0,"href":"https:\/\/noticiasveracruz.com\/index.php\/wp-json\/wp\/v2\/posts\/47645\/revisions"}],"wp:featuredmedia":[{"embeddable":true,"href":"https:\/\/noticiasveracruz.com\/index.php\/wp-json\/wp\/v2\/media\/29037"}],"wp:attachment":[{"href":"https:\/\/noticiasveracruz.com\/index.php\/wp-json\/wp\/v2\/media?parent=47645"}],"wp:term":[{"taxonomy":"category","embeddable":true,"href":"https:\/\/noticiasveracruz.com\/index.php\/wp-json\/wp\/v2\/categories?post=47645"},{"taxonomy":"post_tag","embeddable":true,"href":"https:\/\/noticiasveracruz.com\/index.php\/wp-json\/wp\/v2\/tags?post=47645"}],"curies":[{"name":"wp","href":"https:\/\/api.w.org\/{rel}","templated":true}]}}