{"id":47634,"date":"2025-01-10T00:18:17","date_gmt":"2025-01-10T06:18:17","guid":{"rendered":"https:\/\/noticiasveracruz.com\/?p=47634"},"modified":"2025-01-09T23:24:03","modified_gmt":"2025-01-10T05:24:03","slug":"se-manifiestan-en-espana-en-apoyo-a-la-oposicion-venezolana","status":"publish","type":"post","link":"https:\/\/noticiasveracruz.com\/index.php\/2025\/01\/10\/se-manifiestan-en-espana-en-apoyo-a-la-oposicion-venezolana\/","title":{"rendered":"Se manifiestan en Espa\u00f1a en apoyo a la oposici\u00f3n venezolana"},"content":{"rendered":"<p>Miles de personas se manifestaron este jueves en Madrid, Barcelona y m\u00e1s de 30 ciudades espa\u00f1olas en apoyo de la oposici\u00f3n venezolana, que rechaza un nuevo mandato del presidente Nicol\u00e1s Maduro al que acusa de fraude en las presidenciales de julio.<\/p>\n<p>La plaza de la Puerta del Sol madrile\u00f1a fue escenario de la protesta m\u00e1s multitudinaria en Espa\u00f1a, con miles de personas y la presencia de dos ex presidentes del Gobierno espa\u00f1ol conservadores (Jos\u00e9 Mar\u00eda Aznar y Mariano Rajoy), y otras figuras del Partido Popular, como su actual l\u00edder, Alberto N\u00fa\u00f1ez Feij\u00f3o.<\/p>\n<p>Los asistentes eran en gran parte venezolanos de los 480 mil que, seg\u00fan datos de la Plataforma de Coordinaci\u00f3n Interagencial para Refugiados y Migrantes (R4V) venezolanos, viven en Espa\u00f1a.<\/p>\n<p>\u00abYa basta de todo esto\u00bb, explic\u00f3 a la AFP, refiri\u00e9ndose a Maduro, Luis G\u00f3mez, de 62 a\u00f1os, los \u00faltimos seis pasados en Espa\u00f1a. \u00abMe gustar\u00eda que por fin este Gobierno entregara ya el poder\u00bb, a\u00f1adi\u00f3, antes de expresar su temor a que se resista: \u00abva a haber mucha sangre\u00bb, pronostic\u00f3.<\/p>\n<p>\u00abMaduro tiene que caer s\u00ed o s\u00ed\u00bb, estim\u00f3 Lilibeth Arrieche, una venezolana de Barquisimeto que lleva 21 a\u00f1os en Espa\u00f1a.<\/p>\n<p>Las manifestaciones en Espa\u00f1a forman parte de una movilizaci\u00f3n mundial con epicentro en Caracas, donde la l\u00edder opositora Mar\u00eda Corina Machado abandon\u00f3 la clandestinidad para encabezar las protestas.<\/p>\n<p>La oposici\u00f3n venezolana acusa al presidente Maduro de fraude en las elecciones del 28 de julio y reivindica la victoria de su candidato, Edmundo Gonz\u00e1lez Urrutia.<\/p>\n<p>G\u00f3nzalez Urrutia ha vivido asilado en Espa\u00f1a desde setiembre de 2024, pero ahora se encuentra en la Rep\u00fablica Dominicana, con la intenci\u00f3n manifiesta de estar en Venezuela el viernes, d\u00eda de la jura del nuevo presidente.<\/p>\n<p>El acto de investidura presidencial est\u00e1 previsto al mediod\u00eda (16h00 GMT) en el Parlamento, que el chavismo controla.<\/p>\n","protected":false},"excerpt":{"rendered":"<p>Miles de personas se manifestaron este jueves en Madrid, Barcelona y m\u00e1s de 30 ciudades espa\u00f1olas en apoyo de la<\/p>\n","protected":false},"author":4,"featured_media":47635,"comment_status":"closed","ping_status":"closed","sticky":false,"template":"","format":"standard","meta":{"colormag_page_container_layout":"default_layout","colormag_page_sidebar_layout":"default_layout","_jetpack_memberships_contains_paid_content":false,"footnotes":"","jetpack_publicize_message":"","jetpack_publicize_feature_enabled":true,"jetpack_social_post_already_shared":true,"jetpack_social_options":{"image_generator_settings":{"template":"highway","default_image_id":0,"font":"","enabled":false},"version":2}},"categories":[355],"tags":[],"class_list":["post-47634","post","type-post","status-publish","format-standard","has-post-thumbnail","hentry","category-internacional"],"jetpack_publicize_connections":[],"jetpack_featured_media_url":"https:\/\/noticiasveracruz.com\/wp-content\/uploads\/2025\/01\/venezuela-espana.jpg","jetpack_sharing_enabled":true,"publishpress_future_action":{"enabled":false,"date":"2026-05-07 09:39:20","action":"change-status","newStatus":"draft","terms":[],"taxonomy":"category","extraData":[]},"publishpress_future_workflow_manual_trigger":{"enabledWorkflows":[]},"_links":{"self":[{"href":"https:\/\/noticiasveracruz.com\/index.php\/wp-json\/wp\/v2\/posts\/47634","targetHints":{"allow":["GET"]}}],"collection":[{"href":"https:\/\/noticiasveracruz.com\/index.php\/wp-json\/wp\/v2\/posts"}],"about":[{"href":"https:\/\/noticiasveracruz.com\/index.php\/wp-json\/wp\/v2\/types\/post"}],"author":[{"embeddable":true,"href":"https:\/\/noticiasveracruz.com\/index.php\/wp-json\/wp\/v2\/users\/4"}],"replies":[{"embeddable":true,"href":"https:\/\/noticiasveracruz.com\/index.php\/wp-json\/wp\/v2\/comments?post=47634"}],"version-history":[{"count":0,"href":"https:\/\/noticiasveracruz.com\/index.php\/wp-json\/wp\/v2\/posts\/47634\/revisions"}],"wp:featuredmedia":[{"embeddable":true,"href":"https:\/\/noticiasveracruz.com\/index.php\/wp-json\/wp\/v2\/media\/47635"}],"wp:attachment":[{"href":"https:\/\/noticiasveracruz.com\/index.php\/wp-json\/wp\/v2\/media?parent=47634"}],"wp:term":[{"taxonomy":"category","embeddable":true,"href":"https:\/\/noticiasveracruz.com\/index.php\/wp-json\/wp\/v2\/categories?post=47634"},{"taxonomy":"post_tag","embeddable":true,"href":"https:\/\/noticiasveracruz.com\/index.php\/wp-json\/wp\/v2\/tags?post=47634"}],"curies":[{"name":"wp","href":"https:\/\/api.w.org\/{rel}","templated":true}]}}