{"id":47631,"date":"2025-01-10T00:17:12","date_gmt":"2025-01-10T06:17:12","guid":{"rendered":"https:\/\/noticiasveracruz.com\/?p=47631"},"modified":"2025-01-09T23:22:13","modified_gmt":"2025-01-10T05:22:13","slug":"comienzan-movilizaciones-del-chavismo-previo-a-investidura-de-maduro","status":"publish","type":"post","link":"https:\/\/noticiasveracruz.com\/index.php\/2025\/01\/10\/comienzan-movilizaciones-del-chavismo-previo-a-investidura-de-maduro\/","title":{"rendered":"Comienzan movilizaciones del chavismo previo a investidura de Maduro"},"content":{"rendered":"<p>El pueblo venezolano participa este jueves en la Gran Marcha por la Paz y la Alegr\u00eda y en la Caravana Motorizada de cara a la\u00a0<em>toma<\/em>\u00a0de posesi\u00f3n de Nicol\u00e1s Maduro, el viernes 10 de enero en la Asamblea Nacional, inform\u00f3 el portal \u00daltimas Noticias.<\/p>\n<p>Las movilizaciones masivas tendr\u00e1n como punto de partida el Gran Muro de Petare con un recorrido que incluye el parque Francisco de Miranda, inmediaciones de la sede principal del Ministerio para la Vivienda y H\u00e1bitat, el Centro Lido y la plaza Jos\u00e9 Mart\u00ed.<\/p>\n<p>La Caravana Motorizada partir\u00e1 de la Plaza Sucre en Catia y la parroquia La Vega en Caracas.<\/p>\n<p>En otras partes del pa\u00eds se realizar\u00e1n actividades similares durante esta jornada de movilizaciones a favor del presidente Maduro. En los estados Bol\u00edvar, Monagas, Sucre y Zulia se prev\u00e9 la Gran Marcha Antiimperialista Yo Juro con Maduro, Gran marcha patri\u00f3tica contra el fascismo y por la paz, Gran caravana de motorizados por la paz, Gran caravana contra el fascismo.<\/p>\n","protected":false},"excerpt":{"rendered":"<p>El pueblo venezolano participa este jueves en la Gran Marcha por la Paz y la Alegr\u00eda y en la Caravana<\/p>\n","protected":false},"author":4,"featured_media":47632,"comment_status":"closed","ping_status":"closed","sticky":false,"template":"","format":"standard","meta":{"colormag_page_container_layout":"default_layout","colormag_page_sidebar_layout":"default_layout","_jetpack_memberships_contains_paid_content":false,"footnotes":"","jetpack_publicize_message":"","jetpack_publicize_feature_enabled":true,"jetpack_social_post_already_shared":true,"jetpack_social_options":{"image_generator_settings":{"template":"highway","default_image_id":0,"font":"","enabled":false},"version":2}},"categories":[355],"tags":[],"class_list":["post-47631","post","type-post","status-publish","format-standard","has-post-thumbnail","hentry","category-internacional"],"jetpack_publicize_connections":[],"jetpack_featured_media_url":"https:\/\/noticiasveracruz.com\/wp-content\/uploads\/2025\/01\/descarga-3.jpg","jetpack_sharing_enabled":true,"publishpress_future_action":{"enabled":false,"date":"2026-05-07 08:52:56","action":"change-status","newStatus":"draft","terms":[],"taxonomy":"category","extraData":[]},"publishpress_future_workflow_manual_trigger":{"enabledWorkflows":[]},"_links":{"self":[{"href":"https:\/\/noticiasveracruz.com\/index.php\/wp-json\/wp\/v2\/posts\/47631","targetHints":{"allow":["GET"]}}],"collection":[{"href":"https:\/\/noticiasveracruz.com\/index.php\/wp-json\/wp\/v2\/posts"}],"about":[{"href":"https:\/\/noticiasveracruz.com\/index.php\/wp-json\/wp\/v2\/types\/post"}],"author":[{"embeddable":true,"href":"https:\/\/noticiasveracruz.com\/index.php\/wp-json\/wp\/v2\/users\/4"}],"replies":[{"embeddable":true,"href":"https:\/\/noticiasveracruz.com\/index.php\/wp-json\/wp\/v2\/comments?post=47631"}],"version-history":[{"count":0,"href":"https:\/\/noticiasveracruz.com\/index.php\/wp-json\/wp\/v2\/posts\/47631\/revisions"}],"wp:featuredmedia":[{"embeddable":true,"href":"https:\/\/noticiasveracruz.com\/index.php\/wp-json\/wp\/v2\/media\/47632"}],"wp:attachment":[{"href":"https:\/\/noticiasveracruz.com\/index.php\/wp-json\/wp\/v2\/media?parent=47631"}],"wp:term":[{"taxonomy":"category","embeddable":true,"href":"https:\/\/noticiasveracruz.com\/index.php\/wp-json\/wp\/v2\/categories?post=47631"},{"taxonomy":"post_tag","embeddable":true,"href":"https:\/\/noticiasveracruz.com\/index.php\/wp-json\/wp\/v2\/tags?post=47631"}],"curies":[{"name":"wp","href":"https:\/\/api.w.org\/{rel}","templated":true}]}}