{"id":47627,"date":"2025-01-10T00:16:03","date_gmt":"2025-01-10T06:16:03","guid":{"rendered":"https:\/\/noticiasveracruz.com\/?p=47627"},"modified":"2025-01-09T23:13:57","modified_gmt":"2025-01-10T05:13:57","slug":"retoman-imss-y-michoacan-acuerdo-para-mejorar-condiciones-de-jornaleros-agricolas","status":"publish","type":"post","link":"https:\/\/noticiasveracruz.com\/index.php\/2025\/01\/10\/retoman-imss-y-michoacan-acuerdo-para-mejorar-condiciones-de-jornaleros-agricolas\/","title":{"rendered":"Retoman IMSS y Michoac\u00e1n acuerdo para mejorar condiciones de jornaleros agr\u00edcolas"},"content":{"rendered":"<div><em>Morelia, Mich.<\/em>\u00a0El director general del IMSS, Zo\u00e9 Robledo Aburto y el gobernador de Michoac\u00e1n, Alfredo Ram\u00edrez Bedolla retomaron el proyecto para mejorar las instalaciones hospitalarias de esta entidad y brindar seguridad social a unos 120 mil jornaleros agr\u00edcolas \u2013entre sembradores y recolectores de aguacate.<\/div>\n<div><\/div>\n<div>Este jueves ambos funcionarios se reunieron en la Ciudad de M\u00e9xico, en la que se inform\u00f3 que este a\u00f1o iniciar\u00e1 la construcci\u00f3n del Hospital IMSS en Villas del Pedregal, en Morelia, donde est\u00e1n asentadas aproximadamente 150 mil familias, inform\u00f3 en redes sociales el gobernador de Michoac\u00e1n.<\/div>\n<div><\/div>\n<div>Robledo y Bedolla sostuvieron un encuentro con el fin de reforzar acciones que permitan avanzar con el proceso de afiliaci\u00f3n de trabajadores agr\u00edcolas en huerta y del sector aguacatero, donde por cada cinco hect\u00e1reas de huerta hay tres trabajadores del campo.<\/div>\n<div><\/div>\n<div>\u201cExcelente reuni\u00f3n con Zo\u00e9 Robledo con quien acordamos una ruta conjunta para la afiliaci\u00f3n de trabajadores del sector aguacatero, con lo que se garantizan sus derechos laborales y se les da certeza para un mejor futuro\u201d, apunt\u00f3 el gobernador de Michoac\u00e1n.<\/div>\n<div><\/div>\n<div>Cabe se\u00f1alar que este proyecto de afiliaci\u00f3n de jornaleros agr\u00edcolas al IMSS surgi\u00f3 en 2022, aunque al inicio hubo resistencia de la mayor\u00eda de los 30 mil productores de aguacate del estado, a pesar de que es un requisito del Tratado M\u00e9xico, Estados Unidos y Canad\u00e1 (T-MEC), de otorgar prestaciones sociales a los trabajadores aguacateros que participan en el proceso de exportaci\u00f3n del llamado oro verde.<\/div>\n","protected":false},"excerpt":{"rendered":"<p>Morelia, Mich.\u00a0El director general del IMSS, Zo\u00e9 Robledo Aburto y el gobernador de Michoac\u00e1n, Alfredo Ram\u00edrez Bedolla retomaron el proyecto<\/p>\n","protected":false},"author":4,"featured_media":47628,"comment_status":"closed","ping_status":"closed","sticky":false,"template":"","format":"standard","meta":{"colormag_page_container_layout":"default_layout","colormag_page_sidebar_layout":"default_layout","_jetpack_memberships_contains_paid_content":false,"footnotes":"","jetpack_publicize_message":"","jetpack_publicize_feature_enabled":true,"jetpack_social_post_already_shared":true,"jetpack_social_options":{"image_generator_settings":{"template":"highway","default_image_id":0,"font":"","enabled":false},"version":2}},"categories":[145],"tags":[],"class_list":["post-47627","post","type-post","status-publish","format-standard","has-post-thumbnail","hentry","category-estados"],"jetpack_publicize_connections":[],"jetpack_featured_media_url":"https:\/\/noticiasveracruz.com\/wp-content\/uploads\/2025\/01\/SDER.jpg","jetpack_sharing_enabled":true,"publishpress_future_action":{"enabled":false,"date":"2026-05-07 07:44:13","action":"change-status","newStatus":"draft","terms":[],"taxonomy":"category","extraData":[]},"publishpress_future_workflow_manual_trigger":{"enabledWorkflows":[]},"_links":{"self":[{"href":"https:\/\/noticiasveracruz.com\/index.php\/wp-json\/wp\/v2\/posts\/47627","targetHints":{"allow":["GET"]}}],"collection":[{"href":"https:\/\/noticiasveracruz.com\/index.php\/wp-json\/wp\/v2\/posts"}],"about":[{"href":"https:\/\/noticiasveracruz.com\/index.php\/wp-json\/wp\/v2\/types\/post"}],"author":[{"embeddable":true,"href":"https:\/\/noticiasveracruz.com\/index.php\/wp-json\/wp\/v2\/users\/4"}],"replies":[{"embeddable":true,"href":"https:\/\/noticiasveracruz.com\/index.php\/wp-json\/wp\/v2\/comments?post=47627"}],"version-history":[{"count":0,"href":"https:\/\/noticiasveracruz.com\/index.php\/wp-json\/wp\/v2\/posts\/47627\/revisions"}],"wp:featuredmedia":[{"embeddable":true,"href":"https:\/\/noticiasveracruz.com\/index.php\/wp-json\/wp\/v2\/media\/47628"}],"wp:attachment":[{"href":"https:\/\/noticiasveracruz.com\/index.php\/wp-json\/wp\/v2\/media?parent=47627"}],"wp:term":[{"taxonomy":"category","embeddable":true,"href":"https:\/\/noticiasveracruz.com\/index.php\/wp-json\/wp\/v2\/categories?post=47627"},{"taxonomy":"post_tag","embeddable":true,"href":"https:\/\/noticiasveracruz.com\/index.php\/wp-json\/wp\/v2\/tags?post=47627"}],"curies":[{"name":"wp","href":"https:\/\/api.w.org\/{rel}","templated":true}]}}