{"id":47624,"date":"2025-01-10T00:15:23","date_gmt":"2025-01-10T06:15:23","guid":{"rendered":"https:\/\/noticiasveracruz.com\/?p=47624"},"modified":"2025-01-09T23:11:15","modified_gmt":"2025-01-10T05:11:15","slug":"aprueban-reforma-para-eleccion-judicial-en-junio-en-colima","status":"publish","type":"post","link":"https:\/\/noticiasveracruz.com\/index.php\/2025\/01\/10\/aprueban-reforma-para-eleccion-judicial-en-junio-en-colima\/","title":{"rendered":"Aprueban reforma para elecci\u00f3n judicial en junio, en Colima"},"content":{"rendered":"<p><em>Colima, Col.<\/em><\/p>\n<p>El congreso\u00a0local aval\u00f3 una reforma constitucional para elegir a magistrados y jueces del Supremo Tribunal Judicial del Estado (STJE) a celebrarse el primer domingo de junio de este a\u00f1o.<\/p>\n<p>Bajo un fuerte operativo de seguridad, diputados de Morena, PT, PVEM y el partido local Nueva Alianza reunieron los votos suficientes -17 de los 25- para modificar la Constituci\u00f3n Pol\u00edtica del estado de Colima.<\/p>\n<p>El m\u00e9todo con el que se renovaban las 11 magistraturas del STJE antes de la reforma era de forma escalonada y las candidaturas eran propuestas por el gobernador; se somet\u00eda a votaci\u00f3n del congreso del estado por mayor\u00eda calificada para ser aprobadas.<\/p>\n<p>Mientras los nombramientos de jueces de primera instancia, la elecci\u00f3n era designada directamente por los magistrados del STJE bajo procesos poco claros.<\/p>\n<p>Con la reforma aprobada, se llevar\u00e1 a cabo un retiro forzoso de magistrados y jueces para luego elegir a diez magistrados del STJE, cinco del Tribunal de Disciplina Judicial (que tambi\u00e9n ser\u00e1 creado con la reforma) y la totalidad de jueces.<\/p>\n<p>Al igual que la reforma federal, los actuales funcionarios del STJE en esos cargos tendr\u00e1n pase directo excepto si manifiestan su declinaci\u00f3n a participar en el proceso antes de que cierre la convocatoria.<\/p>\n<p>Todos los cargos electos tendr\u00e1n un periodo, en esta primera ocasi\u00f3n, de ocho a\u00f1os para luego establecerse en un lapso de nueve a\u00f1os.<\/p>\n<p>La elecci\u00f3n local se empatar\u00e1 con la que se llevar\u00e1 a cabo por el Instituto Nacional Electoral (INE) para el proceso federal y el Instituto Electoral del Estado (IEE) ser\u00e1 el \u00f3rgano encargado de llevar el proceso colimense.<\/p>\n<p>La reforma constitucional a\u00fan falta que pase el aval de al menos seis de los diez ayuntamientos del estado en donde Morena s\u00f3lo controla cinco de ellos, pero su aliado Nueva Alianza gobierna otros dos.<\/p>\n<p>Previo a la sesi\u00f3n, en rueda de prensa, la Asociaci\u00f3n de Jueces de Primera Instancia de Colima pidieron tiempo para que el proceso democr\u00e1tico se lleve hasta 2027, y se empalme con la elecci\u00f3n local en la que se renovar\u00e1 la gubernatura del estado y otros cargos.<\/p>\n","protected":false},"excerpt":{"rendered":"<p>Colima, Col. El congreso\u00a0local aval\u00f3 una reforma constitucional para elegir a magistrados y jueces del Supremo Tribunal Judicial del Estado<\/p>\n","protected":false},"author":4,"featured_media":47625,"comment_status":"closed","ping_status":"closed","sticky":false,"template":"","format":"standard","meta":{"colormag_page_container_layout":"default_layout","colormag_page_sidebar_layout":"default_layout","_jetpack_memberships_contains_paid_content":false,"footnotes":"","jetpack_publicize_message":"","jetpack_publicize_feature_enabled":true,"jetpack_social_post_already_shared":true,"jetpack_social_options":{"image_generator_settings":{"template":"highway","default_image_id":0,"font":"","enabled":false},"version":2}},"categories":[145],"tags":[],"class_list":["post-47624","post","type-post","status-publish","format-standard","has-post-thumbnail","hentry","category-estados"],"jetpack_publicize_connections":[],"jetpack_featured_media_url":"https:\/\/noticiasveracruz.com\/wp-content\/uploads\/2025\/01\/COL.jpg","jetpack_sharing_enabled":true,"publishpress_future_action":{"enabled":false,"date":"2026-05-07 06:53:22","action":"change-status","newStatus":"draft","terms":[],"taxonomy":"category","extraData":[]},"publishpress_future_workflow_manual_trigger":{"enabledWorkflows":[]},"_links":{"self":[{"href":"https:\/\/noticiasveracruz.com\/index.php\/wp-json\/wp\/v2\/posts\/47624","targetHints":{"allow":["GET"]}}],"collection":[{"href":"https:\/\/noticiasveracruz.com\/index.php\/wp-json\/wp\/v2\/posts"}],"about":[{"href":"https:\/\/noticiasveracruz.com\/index.php\/wp-json\/wp\/v2\/types\/post"}],"author":[{"embeddable":true,"href":"https:\/\/noticiasveracruz.com\/index.php\/wp-json\/wp\/v2\/users\/4"}],"replies":[{"embeddable":true,"href":"https:\/\/noticiasveracruz.com\/index.php\/wp-json\/wp\/v2\/comments?post=47624"}],"version-history":[{"count":0,"href":"https:\/\/noticiasveracruz.com\/index.php\/wp-json\/wp\/v2\/posts\/47624\/revisions"}],"wp:featuredmedia":[{"embeddable":true,"href":"https:\/\/noticiasveracruz.com\/index.php\/wp-json\/wp\/v2\/media\/47625"}],"wp:attachment":[{"href":"https:\/\/noticiasveracruz.com\/index.php\/wp-json\/wp\/v2\/media?parent=47624"}],"wp:term":[{"taxonomy":"category","embeddable":true,"href":"https:\/\/noticiasveracruz.com\/index.php\/wp-json\/wp\/v2\/categories?post=47624"},{"taxonomy":"post_tag","embeddable":true,"href":"https:\/\/noticiasveracruz.com\/index.php\/wp-json\/wp\/v2\/tags?post=47624"}],"curies":[{"name":"wp","href":"https:\/\/api.w.org\/{rel}","templated":true}]}}