{"id":47618,"date":"2025-01-10T00:13:28","date_gmt":"2025-01-10T06:13:28","guid":{"rendered":"https:\/\/noticiasveracruz.com\/?p=47618"},"modified":"2025-01-09T23:05:20","modified_gmt":"2025-01-10T05:05:20","slug":"clausura-profepa-mina-de-arena-en-miacatlan-morelos","status":"publish","type":"post","link":"https:\/\/noticiasveracruz.com\/index.php\/2025\/01\/10\/clausura-profepa-mina-de-arena-en-miacatlan-morelos\/","title":{"rendered":"Clausura Profepa mina de arena en Miacatl\u00e1n, Morelos"},"content":{"rendered":"<p class=\"western\"><em>Cuernavaca, Mor.<\/em><\/p>\n<p class=\"western\">La Procuradur\u00eda de Protecci\u00f3n al Medio Ambiente del Estado de Morelos clausur\u00f3 una mina de arena ubicada en el municipio de Miacatl\u00e1n, por no contar con los permisos correspondientes, inform\u00f3 la Secretar\u00eda de Desarrollo Sustentable.<\/p>\n<p class=\"western\">\u201cDerivado de una denuncia ciudadana, se llev\u00f3 a cabo la clausura del lugar conocido como \u201cMina de Arena\u201d, en el municipio de Miacatl\u00e1n, donde se efectuaban actividades de extracci\u00f3n y procesamientos de minerales sin contar con la autorizaci\u00f3n correspondiente, as\u00ed lo inform\u00f3 la Procuradur\u00eda de Protecci\u00f3n al Medio Ambiente del Estado de Morelos, quienes realizaron la inspecci\u00f3n\u201d, inform\u00f3 el gobierno del estado.<\/p>\n<p class=\"western\">La procuradur\u00eda, argument\u00f3, que la clausura de la mina de arena fue \u201cen cumplimiento a las facultades de la Secretar\u00eda de Desarrollo Sustentable (SDS), de acuerdo con lo que establece la Ley del Equilibrio Ecol\u00f3gico y Protecci\u00f3n al Ambiente del Estado de Morelos\u201d.<\/p>\n<p class=\"western\">La Secretar\u00eda de Desarrollo Sustentable, puntualiz\u00f3, que as\u00ed como esta acci\u00f3n realizada, \u201ccontinuar\u00e1 realizando acciones que contribuyan al fortalecimiento de la preservaci\u00f3n y protecci\u00f3n de los recursos naturales de Morelos, garantizando en todo momento la legalidad y cumplimiento de la legislaci\u00f3n ambiental de la entidad\u201d.<\/p>\n","protected":false},"excerpt":{"rendered":"<p>Cuernavaca, Mor. La Procuradur\u00eda de Protecci\u00f3n al Medio Ambiente del Estado de Morelos clausur\u00f3 una mina de arena ubicada en<\/p>\n","protected":false},"author":4,"featured_media":47619,"comment_status":"closed","ping_status":"closed","sticky":false,"template":"","format":"standard","meta":{"colormag_page_container_layout":"default_layout","colormag_page_sidebar_layout":"default_layout","_jetpack_memberships_contains_paid_content":false,"footnotes":"","jetpack_publicize_message":"","jetpack_publicize_feature_enabled":true,"jetpack_social_post_already_shared":true,"jetpack_social_options":{"image_generator_settings":{"template":"highway","default_image_id":0,"font":"","enabled":false},"version":2}},"categories":[145],"tags":[],"class_list":["post-47618","post","type-post","status-publish","format-standard","has-post-thumbnail","hentry","category-estados"],"jetpack_publicize_connections":[],"jetpack_featured_media_url":"https:\/\/noticiasveracruz.com\/wp-content\/uploads\/2025\/01\/677ff9f2a2a90900d1b69b0f_c5686dd4-8e51-4b45-b2fa-a229b89b2a9e.jpg","jetpack_sharing_enabled":true,"publishpress_future_action":{"enabled":false,"date":"2026-05-07 04:24:02","action":"change-status","newStatus":"draft","terms":[],"taxonomy":"category","extraData":[]},"publishpress_future_workflow_manual_trigger":{"enabledWorkflows":[]},"_links":{"self":[{"href":"https:\/\/noticiasveracruz.com\/index.php\/wp-json\/wp\/v2\/posts\/47618","targetHints":{"allow":["GET"]}}],"collection":[{"href":"https:\/\/noticiasveracruz.com\/index.php\/wp-json\/wp\/v2\/posts"}],"about":[{"href":"https:\/\/noticiasveracruz.com\/index.php\/wp-json\/wp\/v2\/types\/post"}],"author":[{"embeddable":true,"href":"https:\/\/noticiasveracruz.com\/index.php\/wp-json\/wp\/v2\/users\/4"}],"replies":[{"embeddable":true,"href":"https:\/\/noticiasveracruz.com\/index.php\/wp-json\/wp\/v2\/comments?post=47618"}],"version-history":[{"count":0,"href":"https:\/\/noticiasveracruz.com\/index.php\/wp-json\/wp\/v2\/posts\/47618\/revisions"}],"wp:featuredmedia":[{"embeddable":true,"href":"https:\/\/noticiasveracruz.com\/index.php\/wp-json\/wp\/v2\/media\/47619"}],"wp:attachment":[{"href":"https:\/\/noticiasveracruz.com\/index.php\/wp-json\/wp\/v2\/media?parent=47618"}],"wp:term":[{"taxonomy":"category","embeddable":true,"href":"https:\/\/noticiasveracruz.com\/index.php\/wp-json\/wp\/v2\/categories?post=47618"},{"taxonomy":"post_tag","embeddable":true,"href":"https:\/\/noticiasveracruz.com\/index.php\/wp-json\/wp\/v2\/tags?post=47618"}],"curies":[{"name":"wp","href":"https:\/\/api.w.org\/{rel}","templated":true}]}}