{"id":47609,"date":"2025-01-10T00:10:50","date_gmt":"2025-01-10T06:10:50","guid":{"rendered":"https:\/\/noticiasveracruz.com\/?p=47609"},"modified":"2025-01-09T22:58:41","modified_gmt":"2025-01-10T04:58:41","slug":"amia-18-de-los-autos-vendidos-en-eu-en-2024-se-produjeron-en-mexico","status":"publish","type":"post","link":"https:\/\/noticiasveracruz.com\/index.php\/2025\/01\/10\/amia-18-de-los-autos-vendidos-en-eu-en-2024-se-produjeron-en-mexico\/","title":{"rendered":"AMIA: 18% de los autos vendidos en EU en 2024, se produjeron en M\u00e9xico"},"content":{"rendered":"<p>El 18 por ciento de veh\u00edculos ligeros que se vendieron en 2024 en Estados Unidos fueron ensamblados en M\u00e9xico, se\u00f1al\u00f3 Rogelio Garza Garza, presidente ejecutivo de la Asociaci\u00f3n Mexicana de la Industria Automotriz (AMIA).<\/p>\n<p>En conferencia conjunta con la Asociaci\u00f3n Mexicana de Distribuidores de Automotores (AMDA) y la Industria Nacional de Autopartes (INA), el nuevo dirigente del principal sector industrial del pa\u00eds, indic\u00f3 que el a\u00f1o pasado se exportaron m\u00e1s de 2 millones 771 mil unidades a la Uni\u00f3n Americana, dato que se tradujo en el 18 por ciento de los autos ligeros que se vendieron en la naci\u00f3n vecina del norte.<\/p>\n<p>\u201cEs un dato que consolida no s\u00f3lo la industria, sino que consolida la relaci\u00f3n de M\u00e9xico con Estados Unidos\u201d, resalt\u00f3 Garza Garza.<\/p>\n<p>Resalt\u00f3 que el 91.7 por ciento de las exportaciones del sector industrial que m\u00e1s divisas aporta al pa\u00eds se dirigen a la Uni\u00f3n Americana, Canad\u00e1 y Alemania. Mientras que el resto se dirigen a Brasil, Colombia, Puerto Rico, Reino Unido, Arabia Saudita, Emiratos \u00c1rabes y Chile.<\/p>\n<p>Garza Garza reiter\u00f3 que 2024 signific\u00f3 un a\u00f1o en el que se establecieron marcas hist\u00f3ricas en producci\u00f3n y exportaci\u00f3n de autos ligeros.<\/p>\n<p>\u201cEl panorama de la industria es bueno, el panorama es de una industria consolidada, de una industria fuerte creciente\u201d, se\u00f1al\u00f3 antes de acotar que se buscar\u00e1 que siga generando resultados positivos.<\/p>\n<p>El presidente ejecutivo de la AMIA coment\u00f3 que la capacidad instalada de las plantas del sector automotriz hasta octubre fue de 97.4 por ciento, lo que muestra la recuperaci\u00f3n que ha observado esta rama industria despu\u00e9s de la pandemia del covid-19.<\/p>\n<p>\u201cEmpieza a recuperarse los espacios que por alg\u00fan motivo se desocuparon\u201d, dijo.<\/p>\n<p>\u201cSon datos alentadores para la industria, demuestran la consolidaci\u00f3n que poco a poco hemos hecho en la integraci\u00f3n de m\u00e1s valor a la industria\u201d, destac\u00f3.<\/p>\n","protected":false},"excerpt":{"rendered":"<p>El 18 por ciento de veh\u00edculos ligeros que se vendieron en 2024 en Estados Unidos fueron ensamblados en M\u00e9xico, se\u00f1al\u00f3<\/p>\n","protected":false},"author":4,"featured_media":47610,"comment_status":"closed","ping_status":"closed","sticky":false,"template":"","format":"standard","meta":{"colormag_page_container_layout":"default_layout","colormag_page_sidebar_layout":"default_layout","_jetpack_memberships_contains_paid_content":false,"footnotes":"","jetpack_publicize_message":"","jetpack_publicize_feature_enabled":true,"jetpack_social_post_already_shared":true,"jetpack_social_options":{"image_generator_settings":{"template":"highway","default_image_id":0,"font":"","enabled":false},"version":2}},"categories":[1947],"tags":[],"class_list":["post-47609","post","type-post","status-publish","format-standard","has-post-thumbnail","hentry","category-economia"],"jetpack_publicize_connections":[],"jetpack_featured_media_url":"https:\/\/noticiasveracruz.com\/wp-content\/uploads\/2025\/01\/1485488-file-in-this-friday-july.jpg","jetpack_sharing_enabled":true,"publishpress_future_action":{"enabled":false,"date":"2026-05-07 02:50:07","action":"change-status","newStatus":"draft","terms":[],"taxonomy":"category","extraData":[]},"publishpress_future_workflow_manual_trigger":{"enabledWorkflows":[]},"_links":{"self":[{"href":"https:\/\/noticiasveracruz.com\/index.php\/wp-json\/wp\/v2\/posts\/47609","targetHints":{"allow":["GET"]}}],"collection":[{"href":"https:\/\/noticiasveracruz.com\/index.php\/wp-json\/wp\/v2\/posts"}],"about":[{"href":"https:\/\/noticiasveracruz.com\/index.php\/wp-json\/wp\/v2\/types\/post"}],"author":[{"embeddable":true,"href":"https:\/\/noticiasveracruz.com\/index.php\/wp-json\/wp\/v2\/users\/4"}],"replies":[{"embeddable":true,"href":"https:\/\/noticiasveracruz.com\/index.php\/wp-json\/wp\/v2\/comments?post=47609"}],"version-history":[{"count":0,"href":"https:\/\/noticiasveracruz.com\/index.php\/wp-json\/wp\/v2\/posts\/47609\/revisions"}],"wp:featuredmedia":[{"embeddable":true,"href":"https:\/\/noticiasveracruz.com\/index.php\/wp-json\/wp\/v2\/media\/47610"}],"wp:attachment":[{"href":"https:\/\/noticiasveracruz.com\/index.php\/wp-json\/wp\/v2\/media?parent=47609"}],"wp:term":[{"taxonomy":"category","embeddable":true,"href":"https:\/\/noticiasveracruz.com\/index.php\/wp-json\/wp\/v2\/categories?post=47609"},{"taxonomy":"post_tag","embeddable":true,"href":"https:\/\/noticiasveracruz.com\/index.php\/wp-json\/wp\/v2\/tags?post=47609"}],"curies":[{"name":"wp","href":"https:\/\/api.w.org\/{rel}","templated":true}]}}