{"id":47606,"date":"2025-01-10T00:09:16","date_gmt":"2025-01-10T06:09:16","guid":{"rendered":"https:\/\/noticiasveracruz.com\/?p=47606"},"modified":"2025-01-09T22:56:06","modified_gmt":"2025-01-10T04:56:06","slug":"bdem-abre-la-puerta-a-recortes-de-mayor-magnitud-a-la-tasa-de-interes","status":"publish","type":"post","link":"https:\/\/noticiasveracruz.com\/index.php\/2025\/01\/10\/bdem-abre-la-puerta-a-recortes-de-mayor-magnitud-a-la-tasa-de-interes\/","title":{"rendered":"BdeM abre la puerta a recortes de mayor magnitud a la tasa de inter\u00e9s"},"content":{"rendered":"<p dir=\"ltr\">La junta de gobierno del Banco de M\u00e9xico (BdeM) prev\u00e9 que el entorno inflacionario permita seguir reduciendo la tasa de referencia, y ante el avance en el menor crecimiento de los precios, podr\u00edan considerar ajustes a la baja de una mayor magnitud, por lo que analistas enfatizaron en que hay potencia de un recorte m\u00e1s agresivo en la tasa de inter\u00e9s de referencia en las siguientes reuniones de pol\u00edtica monetaria.<\/p>\n<p dir=\"ltr\">Este jueves el banco central public\u00f3 la minuta de su reuni\u00f3n de pol\u00edtica monetaria celebrada el 19 de diciembre, en la que se decidi\u00f3 recortar la tasa de referencia en un cuarto de punto porcentual, situ\u00e1ndola en 10.00 por ciento. En ella, todos los miembros reconocieron el avance en el proceso desinflacionario, y en que el elevado nivel de restricci\u00f3n monetaria actual permite seguir discutiendo recortes a la tasa de referencia.<\/p>\n<p dir=\"ltr\">En el documento, se observa que tres miembros expresaron su inclinaci\u00f3n a considerar recortes de mayor magnitud en futuras reuniones. En contraste, dos de ellos adoptaron una postura m\u00e1s cautelosa respecto a acelerar el ritmo de relajaci\u00f3n monetaria, ya que consideran necesario un enfoque de prudencia y gradualidad ante el elevado nivel de incertidumbre y los riesgos al alza para la inflaci\u00f3n, siendo uno de ellos los efectos de las pol\u00edticas de la nueva administraci\u00f3n de Estados Unidos, encabezada por Donald Trump.<\/p>\n<p dir=\"ltr\">Sobre esto \u00faltimo, ahondaron en la incertidumbre que puede representar los efectos negativos de la implementaci\u00f3n de cambios en las medidas comerciales de EU, as\u00ed como la dificultad de cuantificar sus implicaciones en este momento. No obstante, remarcaron que dichos cambios podr\u00edan tener un impacto negativo sobre la actividad econ\u00f3mica, lo cual generar\u00eda presiones a la baja sobre la inflaci\u00f3n.<\/p>\n<p dir=\"ltr\">En el documento, un miembro destac\u00f3 (las minutas no identifican por nombre a quien hace el comentario) que, las condiciones macroecon\u00f3micas permiten continuar con los recortes en la tasa de referencia, incluso destac\u00f3 la posibilidad de ajustes a la baja de mayor magnitud, derivado del avance en el proceso desinflacionario, pero destac\u00f3 que se debe mantener una postura restrictiva, pese a los recortes.<\/p>\n","protected":false},"excerpt":{"rendered":"<p>La junta de gobierno del Banco de M\u00e9xico (BdeM) prev\u00e9 que el entorno inflacionario permita seguir reduciendo la tasa de<\/p>\n","protected":false},"author":4,"featured_media":47607,"comment_status":"closed","ping_status":"closed","sticky":false,"template":"","format":"standard","meta":{"colormag_page_container_layout":"default_layout","colormag_page_sidebar_layout":"default_layout","_jetpack_memberships_contains_paid_content":false,"footnotes":"","jetpack_publicize_message":"","jetpack_publicize_feature_enabled":true,"jetpack_social_post_already_shared":true,"jetpack_social_options":{"image_generator_settings":{"template":"highway","default_image_id":0,"font":"","enabled":false},"version":2}},"categories":[1947],"tags":[],"class_list":["post-47606","post","type-post","status-publish","format-standard","has-post-thumbnail","hentry","category-economia"],"jetpack_publicize_connections":[],"jetpack_featured_media_url":"https:\/\/noticiasveracruz.com\/wp-content\/uploads\/2025\/01\/Nueve-estados-salen-del-bache-economico-de-la-pandemia-BdeM.jpg","jetpack_sharing_enabled":true,"publishpress_future_action":{"enabled":false,"date":"2026-05-07 04:24:14","action":"change-status","newStatus":"draft","terms":[],"taxonomy":"category","extraData":[]},"publishpress_future_workflow_manual_trigger":{"enabledWorkflows":[]},"_links":{"self":[{"href":"https:\/\/noticiasveracruz.com\/index.php\/wp-json\/wp\/v2\/posts\/47606","targetHints":{"allow":["GET"]}}],"collection":[{"href":"https:\/\/noticiasveracruz.com\/index.php\/wp-json\/wp\/v2\/posts"}],"about":[{"href":"https:\/\/noticiasveracruz.com\/index.php\/wp-json\/wp\/v2\/types\/post"}],"author":[{"embeddable":true,"href":"https:\/\/noticiasveracruz.com\/index.php\/wp-json\/wp\/v2\/users\/4"}],"replies":[{"embeddable":true,"href":"https:\/\/noticiasveracruz.com\/index.php\/wp-json\/wp\/v2\/comments?post=47606"}],"version-history":[{"count":0,"href":"https:\/\/noticiasveracruz.com\/index.php\/wp-json\/wp\/v2\/posts\/47606\/revisions"}],"wp:featuredmedia":[{"embeddable":true,"href":"https:\/\/noticiasveracruz.com\/index.php\/wp-json\/wp\/v2\/media\/47607"}],"wp:attachment":[{"href":"https:\/\/noticiasveracruz.com\/index.php\/wp-json\/wp\/v2\/media?parent=47606"}],"wp:term":[{"taxonomy":"category","embeddable":true,"href":"https:\/\/noticiasveracruz.com\/index.php\/wp-json\/wp\/v2\/categories?post=47606"},{"taxonomy":"post_tag","embeddable":true,"href":"https:\/\/noticiasveracruz.com\/index.php\/wp-json\/wp\/v2\/tags?post=47606"}],"curies":[{"name":"wp","href":"https:\/\/api.w.org\/{rel}","templated":true}]}}