{"id":47591,"date":"2025-01-10T00:04:26","date_gmt":"2025-01-10T06:04:26","guid":{"rendered":"https:\/\/noticiasveracruz.com\/?p=47591"},"modified":"2025-01-09T22:31:16","modified_gmt":"2025-01-10T04:31:16","slug":"reconoce-veracruz-a-tirso-bautista","status":"publish","type":"post","link":"https:\/\/noticiasveracruz.com\/index.php\/2025\/01\/10\/reconoce-veracruz-a-tirso-bautista\/","title":{"rendered":"Reconoce Veracruz a Tirso Bautista"},"content":{"rendered":"<p>En representaci\u00f3n de los tres poderes del Estado, la gobernadora Roc\u00edo Nahle Garc\u00eda entreg\u00f3 la Medalla y el Diploma Adolfo Ruiz Cortines 2024 al profesor, poeta y promotor cultural del n\u00e1huatl, Tirso Bautista C\u00e1rdenas.<\/p>\n<p>Durante la sesi\u00f3n solemne del Pleno de la LXVII Legislatura, el condecorado fue reconocido por su destacada labor en la defensa de las costumbres y tradiciones ind\u00edgenas, el compromiso con el fortalecimiento de las lenguas originarias e incansable difusi\u00f3n cultural en comunidades rurales.<\/p>\n<p>Acompa\u00f1ada por las presidentas del Tribunal Superior de Justicia, Lisbeth Aurelia Jim\u00e9nez Aguirre, y de la Mesa Directiva del Congreso, Tanya Carola Viveros Ch\u00e1zaro, la Jefa del Ejecutivo anunci\u00f3 la realizaci\u00f3n del Primer Festival de las Culturas en Veracruz, evento inspirado en la Guelaguetza de Oaxaca.<\/p>\n<p>Adem\u00e1s, acept\u00f3 la propuesta de implementar el Decenio Internacional de las Lenguas Ind\u00edgenas, en el marco del D\u00eda Internacional de la Lengua Materna, el pr\u00f3ximo mes de febrero.<\/p>\n<p>Al hacer uso de la voz, Tirso Bautista C\u00e1rdenas subray\u00f3 que esta iniciativa se alinea con los principios de la UNESCO, recordando que han transcurrido cuatro a\u00f1os desde la declaraci\u00f3n a favor, lo que posicionar\u00eda a Veracruz como un referente nacional en esta causa.<\/p>\n<p>Convoc\u00f3 a la articulaci\u00f3n de esfuerzos entre el Congreso, a trav\u00e9s de las comisiones de Asuntos Ind\u00edgenas, Cultura y Educaci\u00f3n; el Gobierno estatal con la Secretar\u00eda de Educaci\u00f3n de Veracruz; la Universidad Veracruzana Intercultural; los institutos Veracruzano de Educaci\u00f3n para los Adultos, y Nacional de los Pueblos Ind\u00edgenas.<\/p>\n<p>\u00abEs fundamental dejar de trabajar de manera aislada y coordinar esfuerzos junto a nuestras autoridades para garantizar que la diversidad ling\u00fc\u00edstica y cultural sea realmente visibilizada y protegida\u00bb.<\/p>\n","protected":false},"excerpt":{"rendered":"<p>En representaci\u00f3n de los tres poderes del Estado, la gobernadora Roc\u00edo Nahle Garc\u00eda entreg\u00f3 la Medalla y el Diploma Adolfo<\/p>\n","protected":false},"author":4,"featured_media":47592,"comment_status":"closed","ping_status":"closed","sticky":false,"template":"","format":"standard","meta":{"colormag_page_container_layout":"default_layout","colormag_page_sidebar_layout":"default_layout","_jetpack_memberships_contains_paid_content":false,"footnotes":"","jetpack_publicize_message":"","jetpack_publicize_feature_enabled":true,"jetpack_social_post_already_shared":true,"jetpack_social_options":{"image_generator_settings":{"template":"highway","default_image_id":0,"font":"","enabled":false},"version":2}},"categories":[356],"tags":[],"class_list":["post-47591","post","type-post","status-publish","format-standard","has-post-thumbnail","hentry","category-veracruz"],"jetpack_publicize_connections":[],"jetpack_featured_media_url":"https:\/\/noticiasveracruz.com\/wp-content\/uploads\/2025\/01\/8a-4.jpg","jetpack_sharing_enabled":true,"publishpress_future_action":{"enabled":false,"date":"2026-05-07 13:08:02","action":"change-status","newStatus":"draft","terms":[],"taxonomy":"category","extraData":[]},"publishpress_future_workflow_manual_trigger":{"enabledWorkflows":[]},"_links":{"self":[{"href":"https:\/\/noticiasveracruz.com\/index.php\/wp-json\/wp\/v2\/posts\/47591","targetHints":{"allow":["GET"]}}],"collection":[{"href":"https:\/\/noticiasveracruz.com\/index.php\/wp-json\/wp\/v2\/posts"}],"about":[{"href":"https:\/\/noticiasveracruz.com\/index.php\/wp-json\/wp\/v2\/types\/post"}],"author":[{"embeddable":true,"href":"https:\/\/noticiasveracruz.com\/index.php\/wp-json\/wp\/v2\/users\/4"}],"replies":[{"embeddable":true,"href":"https:\/\/noticiasveracruz.com\/index.php\/wp-json\/wp\/v2\/comments?post=47591"}],"version-history":[{"count":0,"href":"https:\/\/noticiasveracruz.com\/index.php\/wp-json\/wp\/v2\/posts\/47591\/revisions"}],"wp:featuredmedia":[{"embeddable":true,"href":"https:\/\/noticiasveracruz.com\/index.php\/wp-json\/wp\/v2\/media\/47592"}],"wp:attachment":[{"href":"https:\/\/noticiasveracruz.com\/index.php\/wp-json\/wp\/v2\/media?parent=47591"}],"wp:term":[{"taxonomy":"category","embeddable":true,"href":"https:\/\/noticiasveracruz.com\/index.php\/wp-json\/wp\/v2\/categories?post=47591"},{"taxonomy":"post_tag","embeddable":true,"href":"https:\/\/noticiasveracruz.com\/index.php\/wp-json\/wp\/v2\/tags?post=47591"}],"curies":[{"name":"wp","href":"https:\/\/api.w.org\/{rel}","templated":true}]}}