{"id":47588,"date":"2025-01-10T00:03:32","date_gmt":"2025-01-10T06:03:32","guid":{"rendered":"https:\/\/noticiasveracruz.com\/?p=47588"},"modified":"2025-01-09T22:30:17","modified_gmt":"2025-01-10T04:30:17","slug":"anuncian-representacion-historica-en-la-fitur","status":"publish","type":"post","link":"https:\/\/noticiasveracruz.com\/index.php\/2025\/01\/10\/anuncian-representacion-historica-en-la-fitur\/","title":{"rendered":"Anuncian representaci\u00f3n hist\u00f3rica en la FITUR"},"content":{"rendered":"<p>La gobernadora Roc\u00edo Nahle Garc\u00eda anunci\u00f3 que Veracruz tendr\u00e1 una destacada presencia en la pr\u00f3xima edici\u00f3n de la Feria Internacional de Turismo (FITUR), a celebra<span id=\"_GoBack\"><\/span>rse en Madrid del 22 al 26 de enero.<\/p>\n<p>El estado formar\u00e1 parte del pabell\u00f3n de M\u00e9xico con un enfoque especial. \u00abSeremos uno de los destinos con mayor presencia, donde tendremos la oportunidad de mostrar nuestra riqueza cultural, natural y gastron\u00f3mica\u00bb, expres\u00f3.<\/p>\n<p>En entrevista para Quatro Media Comunicaciones, detall\u00f3 que la representaci\u00f3n incluir\u00e1 artesan\u00edas, caf\u00e9 y las tradiciones m\u00edsticas de Los Tuxtlas, elementos que reflejan su esencia \u00fanica.<\/p>\n<p>La Gobernadora adelant\u00f3 que encabezar\u00e1 personalmente la participaci\u00f3n de la delegaci\u00f3n los d\u00edas 22 y 23, asegurando que el estado se proyecte con fuerza tanto en el \u00e1mbito cultural como tur\u00edstico.<\/p>\n<p>Esta ser\u00e1 la primera vez que Veracruz participe con tanta fuerza en un evento internacional de esta magnitud, y se espera que su pabell\u00f3n sea uno de los m\u00e1s destacados del encuentro.<\/p>\n<p>\u00abEste esfuerzo forma parte de una estrategia integral para posicionar a Veracruz como un destino tur\u00edstico de clase mundial. Estamos trabajando en todos los sectores para lograr que m\u00e1s visitantes descubran la magia de nuestra tierra\u00bb, concluy\u00f3.<\/p>\n","protected":false},"excerpt":{"rendered":"<p>La gobernadora Roc\u00edo Nahle Garc\u00eda anunci\u00f3 que Veracruz tendr\u00e1 una destacada presencia en la pr\u00f3xima edici\u00f3n de la Feria Internacional<\/p>\n","protected":false},"author":4,"featured_media":47589,"comment_status":"closed","ping_status":"closed","sticky":false,"template":"","format":"standard","meta":{"colormag_page_container_layout":"default_layout","colormag_page_sidebar_layout":"default_layout","_jetpack_memberships_contains_paid_content":false,"footnotes":"","jetpack_publicize_message":"","jetpack_publicize_feature_enabled":true,"jetpack_social_post_already_shared":true,"jetpack_social_options":{"image_generator_settings":{"template":"highway","default_image_id":0,"font":"","enabled":false},"version":2}},"categories":[356],"tags":[],"class_list":["post-47588","post","type-post","status-publish","format-standard","has-post-thumbnail","hentry","category-veracruz"],"jetpack_publicize_connections":[],"jetpack_featured_media_url":"https:\/\/noticiasveracruz.com\/wp-content\/uploads\/2025\/01\/8b1.jpg","jetpack_sharing_enabled":true,"publishpress_future_action":{"enabled":false,"date":"2026-05-07 14:02:17","action":"change-status","newStatus":"draft","terms":[],"taxonomy":"category","extraData":[]},"publishpress_future_workflow_manual_trigger":{"enabledWorkflows":[]},"_links":{"self":[{"href":"https:\/\/noticiasveracruz.com\/index.php\/wp-json\/wp\/v2\/posts\/47588","targetHints":{"allow":["GET"]}}],"collection":[{"href":"https:\/\/noticiasveracruz.com\/index.php\/wp-json\/wp\/v2\/posts"}],"about":[{"href":"https:\/\/noticiasveracruz.com\/index.php\/wp-json\/wp\/v2\/types\/post"}],"author":[{"embeddable":true,"href":"https:\/\/noticiasveracruz.com\/index.php\/wp-json\/wp\/v2\/users\/4"}],"replies":[{"embeddable":true,"href":"https:\/\/noticiasveracruz.com\/index.php\/wp-json\/wp\/v2\/comments?post=47588"}],"version-history":[{"count":0,"href":"https:\/\/noticiasveracruz.com\/index.php\/wp-json\/wp\/v2\/posts\/47588\/revisions"}],"wp:featuredmedia":[{"embeddable":true,"href":"https:\/\/noticiasveracruz.com\/index.php\/wp-json\/wp\/v2\/media\/47589"}],"wp:attachment":[{"href":"https:\/\/noticiasveracruz.com\/index.php\/wp-json\/wp\/v2\/media?parent=47588"}],"wp:term":[{"taxonomy":"category","embeddable":true,"href":"https:\/\/noticiasveracruz.com\/index.php\/wp-json\/wp\/v2\/categories?post=47588"},{"taxonomy":"post_tag","embeddable":true,"href":"https:\/\/noticiasveracruz.com\/index.php\/wp-json\/wp\/v2\/tags?post=47588"}],"curies":[{"name":"wp","href":"https:\/\/api.w.org\/{rel}","templated":true}]}}