{"id":47580,"date":"2025-01-09T00:36:45","date_gmt":"2025-01-09T06:36:45","guid":{"rendered":"https:\/\/noticiasveracruz.com\/?p=47580"},"modified":"2025-01-09T00:36:45","modified_gmt":"2025-01-09T06:36:45","slug":"las-tropelias-de-ulises","status":"publish","type":"post","link":"https:\/\/noticiasveracruz.com\/index.php\/2025\/01\/09\/las-tropelias-de-ulises\/","title":{"rendered":"LAS TROPEL\u00cdAS DE ULISES"},"content":{"rendered":"<p><strong>Por: Lic. Alberto Woolrich Ortiz<\/strong><\/p>\n<p>Las togas independientes de la Ciudad Capital no salen de su asombro al constatar cotidianamente que el personaje sub realista que dirigi\u00f3 a la Fiscal\u00eda General de Justicia, extravi\u00f3 totalmente el rumbo jur\u00eddico y despreci\u00f3 absolutamente los principios torales de la Carta Magna, reprimiendo, amenazando y corrompiendo a la justicia, lo que lo convirti\u00f3 en un contumaz violador de normas.<\/p>\n<p>Ese insalubre pilar de lo que ten\u00eda que ser la procuraci\u00f3n de justicia, no supo y no quiso saber que en nuestra Ley Suprema existe un precepto Constitucional como lo es el ar\u00e1bigo 17, el que estipula en su esp\u00edritu que el acceso a que se provea justicia es un derecho fundamental, el cual tambi\u00e9n es reconocido por la Convenci\u00f3n Americana sobre Derechos Humanos.<\/p>\n<p>Pero nada de eso le import\u00f3.<\/p>\n<p>El tristemente c\u00e9lebre funcionario, cont\u00f3 entre sus m\u00e1s cercanos colaboradores a indeseables juristas que ejercieron funciones de fiscales y que avergonzar\u00edan a los m\u00e1s despreciados corruptos que hayan sido titulares en dicha instituci\u00f3n.<\/p>\n<p>El se\u00f1alado engendro jur\u00eddico rompi\u00f3 todo tipo de principios legales con el \u00fanico \u00e1nimo de satisfacer sus deseos de servir al tr\u00e1fico de influencias.<\/p>\n<p>Por desgracia la instituci\u00f3n que dirigi\u00f3, no le exigi\u00f3 en su momento a Ulises Lara L\u00f3pez que mostrara p\u00fablicamente sus antecedentes y experiencia de c\u00f3mo obtuvo su t\u00edtulo y c\u00e9dula profesional, que lo acreditan como Licenciado en Derecho, condici\u00f3n sine qua non para poder ejercer leg\u00edtimamente el cargo para el cual fue impulsado.<\/p>\n<p>De otra suerte, el indeseable fiscal resultar\u00eda ser, como hasta ahora lo ha sido, un permanente simulador de la profesi\u00f3n.<\/p>\n<p>Ulises Lara, al protestar el cargo que detenta jur\u00f3 respetar y hacer respetar la Carta de Carranza, la de la Ciudad Capital y las Leyes que de ambas emanen y, fue el primero en violarlas y pisotearlas.<\/p>\n<p>La Academia de Derecho Penal del Colegio Nacional de Abogados Foro de Mexico, A.C. y todo el mundo que conoce y sabe de estos menesteres, repudiamos en su momento esa insalubre designaci\u00f3n.<\/p>\n<p>La Cuarta Transformaci\u00f3n de la Naci\u00f3n no quiso dejar sin cargo a ese corrupto e incompetente protegido.<\/p>\n<p>Con aquella singular maniobra se supli\u00f3 a un ignaro por otra, lo que result\u00f3 en aquel momento congruente con la singular forma de gobernar de Andr\u00e9s Manuel L\u00f3pez Obrador.<\/p>\n<p>Aquellas acciones populistas fueron aplaudidas a rabiar por corifeos y quienes viven de la corrupci\u00f3n en esa fiscal\u00eda.<\/p>\n<p>Pobre historia de la Fiscal\u00eda General de Justicia de la Ciudad de Mexico, nunca en su acerada historia tuvo un titular tan especial, y si no que lo expresen todos aquellos que en su calidad de justipreciables, acudieron al ministerio p\u00fablico para hacer valer sus derechos y de hecho y con incid\u00eda s\u00f3lo obtuvieron arbitrariedades, tr\u00e1fico de influencias, corrupciones, persecuciones, intimidaciones e incorrectas interpretaciones de la ley.<\/p>\n<p>Ahora Bertha Mar\u00eda Alcalde Luj\u00e1n, conjuntamente con Regina Seemann Audiffred, tienen la palabra.<\/p>\n<p>Es cu\u00e1nto.<\/p>\n<p><img loading=\"lazy\" decoding=\"async\" class=\"alignnone wp-image-47333 size-full\" src=\"http:\/\/noticiasveracruz.com\/wp-content\/uploads\/2025\/01\/FIRMA-EDITORIAL-PD-1.jpg\" alt=\"\" width=\"1024\" height=\"125\" srcset=\"https:\/\/noticiasveracruz.com\/wp-content\/uploads\/2025\/01\/FIRMA-EDITORIAL-PD-1.jpg 1024w, https:\/\/noticiasveracruz.com\/wp-content\/uploads\/2025\/01\/FIRMA-EDITORIAL-PD-1-300x37.jpg 300w, https:\/\/noticiasveracruz.com\/wp-content\/uploads\/2025\/01\/FIRMA-EDITORIAL-PD-1-768x94.jpg 768w\" sizes=\"auto, (max-width: 1024px) 100vw, 1024px\" \/><\/p>\n","protected":false},"excerpt":{"rendered":"<p>Por: Lic. Alberto Woolrich Ortiz Las togas independientes de la Ciudad Capital no salen de su asombro al constatar cotidianamente<\/p>\n","protected":false},"author":4,"featured_media":39651,"comment_status":"closed","ping_status":"closed","sticky":false,"template":"","format":"standard","meta":{"colormag_page_container_layout":"default_layout","colormag_page_sidebar_layout":"default_layout","_jetpack_memberships_contains_paid_content":false,"footnotes":"","jetpack_publicize_message":"","jetpack_publicize_feature_enabled":true,"jetpack_social_post_already_shared":true,"jetpack_social_options":{"image_generator_settings":{"template":"highway","default_image_id":0,"font":"","enabled":false},"version":2}},"categories":[6],"tags":[],"class_list":["post-47580","post","type-post","status-publish","format-standard","has-post-thumbnail","hentry","category-columnistas"],"jetpack_publicize_connections":[],"jetpack_featured_media_url":"https:\/\/noticiasveracruz.com\/wp-content\/uploads\/2024\/09\/NV-ALBERTO-WOOLRICH-2.jpg","jetpack_sharing_enabled":true,"publishpress_future_action":{"enabled":false,"date":"2026-05-07 16:26:13","action":"change-status","newStatus":"draft","terms":[],"taxonomy":"category","extraData":[]},"publishpress_future_workflow_manual_trigger":{"enabledWorkflows":[]},"_links":{"self":[{"href":"https:\/\/noticiasveracruz.com\/index.php\/wp-json\/wp\/v2\/posts\/47580","targetHints":{"allow":["GET"]}}],"collection":[{"href":"https:\/\/noticiasveracruz.com\/index.php\/wp-json\/wp\/v2\/posts"}],"about":[{"href":"https:\/\/noticiasveracruz.com\/index.php\/wp-json\/wp\/v2\/types\/post"}],"author":[{"embeddable":true,"href":"https:\/\/noticiasveracruz.com\/index.php\/wp-json\/wp\/v2\/users\/4"}],"replies":[{"embeddable":true,"href":"https:\/\/noticiasveracruz.com\/index.php\/wp-json\/wp\/v2\/comments?post=47580"}],"version-history":[{"count":0,"href":"https:\/\/noticiasveracruz.com\/index.php\/wp-json\/wp\/v2\/posts\/47580\/revisions"}],"wp:featuredmedia":[{"embeddable":true,"href":"https:\/\/noticiasveracruz.com\/index.php\/wp-json\/wp\/v2\/media\/39651"}],"wp:attachment":[{"href":"https:\/\/noticiasveracruz.com\/index.php\/wp-json\/wp\/v2\/media?parent=47580"}],"wp:term":[{"taxonomy":"category","embeddable":true,"href":"https:\/\/noticiasveracruz.com\/index.php\/wp-json\/wp\/v2\/categories?post=47580"},{"taxonomy":"post_tag","embeddable":true,"href":"https:\/\/noticiasveracruz.com\/index.php\/wp-json\/wp\/v2\/tags?post=47580"}],"curies":[{"name":"wp","href":"https:\/\/api.w.org\/{rel}","templated":true}]}}