{"id":47573,"date":"2025-01-09T00:20:48","date_gmt":"2025-01-09T06:20:48","guid":{"rendered":"https:\/\/noticiasveracruz.com\/?p=47573"},"modified":"2025-01-08T23:18:39","modified_gmt":"2025-01-09T05:18:39","slug":"celebran-en-espana-50-anos-de-la-muerte-del-dictador-francisco-franco","status":"publish","type":"post","link":"https:\/\/noticiasveracruz.com\/index.php\/2025\/01\/09\/celebran-en-espana-50-anos-de-la-muerte-del-dictador-francisco-franco\/","title":{"rendered":"Celebran en Espa\u00f1a 50 a\u00f1os de la muerte del dictador Francisco Franco"},"content":{"rendered":"<p class=\"western\">El presidente del gobierno espa\u00f1ol, el socialista Pedro S\u00e1nchez, alert\u00f3 este mi\u00e9rcoles, durante la presentaci\u00f3n de los actos por los 50 a\u00f1os de la muerte del dictador Francisco Franco, contra quienes quieren que se olvide el \u201cfranquismo\u201d (1936-1975), y advirti\u00f3 que la libertad no es una conquista \u201cpermanente\u201d, sino que \u201cse puede perder\u201d, en momentos en que desde la izquierda, Sumar acus\u00f3 al rey Felipe VI de no romper con el franquismo y Podemos demand\u00f3 un refer\u00e9ndum sobre la continuidad de la monarqu\u00eda.<\/p>\n<p class=\"western\">\u201cEspa\u00f1a en Libertad\u201d es el nombre de las celebraciones por la muerte de Franco (1892-1975) para recordar, a partir de este hito, que la sociedad espa\u00f1ola \u201cen un momento de gran incertidumbre pol\u00edtica decidi\u00f3 apostar por la democracia y por la libertad\u201d, resalt\u00f3 el mandatario.<\/p>\n<p class=\"western\">S\u00e1nchez afirm\u00f3 que adem\u00e1s de celebrar la transformaci\u00f3n econ\u00f3mica, social, institucional y pol\u00edtica de Espa\u00f1a, durante el centenar de actos que tendr\u00e1n lugar a lo largo de este a\u00f1o rendir\u00e1 homenaje a quienes hicieron posible esa transformaci\u00f3n \u201cde \u00e9xito\u201d.<\/p>\n<p class=\"western\">El presidente de gobierno destac\u00f3 la necesidad de transmitir a los j\u00f3venes, a trav\u00e9s de esta conmemoraci\u00f3n, la importancia de vivir en democracia. Porque \u201ccuando uno ha pasado toda su vida bajo su velo protector, es f\u00e1cil olvidar\u201d sus \u201cenormes fortalezas\u201d.<\/p>\n<p class=\"western\">Advirti\u00f3 que \u201cel fascismo que cre\u00edmos dejar atr\u00e1s es ya la tercera fuerza pol\u00edtica en Europa\u201d y \u201cpor tanto, puede volver a ocurrir\u201d. \u201cY la internacional reaccionaria, como lo dijo el presidente (franc\u00e9s Emmanuel) Macron hace escasos d\u00edas, o la internacional ultraderechista que venimos denunciando desde hace a\u00f1os tambi\u00e9n en Espa\u00f1a, liderada en este caso por el hombre m\u00e1s rico del planeta, ataca abiertamente a nuestras instituciones, azuza el odio y llama abiertamente a apoyar a los herederos del nazismo en Alemania\u201d, a\u00f1adi\u00f3 el l\u00edder socialista en alusi\u00f3n a Elon Musk, aliado del presidente electo estadunidense, Donald Trump, y de partidos europeos de extrema derecha.<\/p>\n<p class=\"western\">Gerardo Pisarello diputado del partido de la alianza gobernante Sumar llam\u00f3 a que estos actos \u201cpropios de una democracia madura\u201d no se limiten a hacer \u201cuna reconstrucci\u00f3n autocomplaciente del pasado\u201d y \u201cque la Fiscal\u00eda Especial pueda investigar los cr\u00edmenes de de lesa humanidad que no han prescrito\u201d, perpetrado durante la dictadura franquista.<\/p>\n<p class=\"western\">\u00abLa monarqu\u00eda no es capaz todav\u00eda hoy, 50 a\u00f1os despu\u00e9s de la muerte del dictador, de romper sus v\u00ednculos con el franquismo\u00bb, lament\u00f3 al referirse a la ausencia del monarca<\/p>\n<p class=\"western\">El opositor partido de izquierda Podemos ret\u00f3 al gobierno a conmemorar la muerte de Franco convocando a un refer\u00e9ndum \u201cpara que el pueblo espa\u00f1ol decida -de una vez por todas- si quiere una jefatura de Estado heredera del franquismo o prefiere una rep\u00fablica en la que el jefe de Estado sea elegida democr\u00e1ticamente por la ciudadan\u00eda\u201d, dijo el dirigente Pablo Fern\u00e1ndez.<\/p>\n<p class=\"western\">Tampoco acudieron a la conmemoraci\u00f3n representantes del derechista Partido Popular por considerar este un \u201cjuego burdo y obvio\u201d. Quieren \u201cofrecer una alternativa\u201d para celebrar la democracia. \u201cS\u00e1nchez sabe que en 2027 no va a ser presidente y por eso busca efem\u00e9rides raras\u201d, dijo Borja S\u00e9mper, su vocero.<\/p>\n","protected":false},"excerpt":{"rendered":"<p>El presidente del gobierno espa\u00f1ol, el socialista Pedro S\u00e1nchez, alert\u00f3 este mi\u00e9rcoles, durante la presentaci\u00f3n de los actos por los<\/p>\n","protected":false},"author":4,"featured_media":47574,"comment_status":"closed","ping_status":"closed","sticky":false,"template":"","format":"standard","meta":{"colormag_page_container_layout":"default_layout","colormag_page_sidebar_layout":"default_layout","_jetpack_memberships_contains_paid_content":false,"footnotes":"","jetpack_publicize_message":"","jetpack_publicize_feature_enabled":true,"jetpack_social_post_already_shared":true,"jetpack_social_options":{"image_generator_settings":{"template":"highway","default_image_id":0,"font":"","enabled":false},"version":2}},"categories":[355],"tags":[],"class_list":["post-47573","post","type-post","status-publish","format-standard","has-post-thumbnail","hentry","category-internacional"],"jetpack_publicize_connections":[],"jetpack_featured_media_url":"https:\/\/noticiasveracruz.com\/wp-content\/uploads\/2025\/01\/fotonoticia_20250108162936_690.jpg","jetpack_sharing_enabled":true,"publishpress_future_action":{"enabled":false,"date":"2026-05-07 18:04:09","action":"change-status","newStatus":"draft","terms":[],"taxonomy":"category","extraData":[]},"publishpress_future_workflow_manual_trigger":{"enabledWorkflows":[]},"_links":{"self":[{"href":"https:\/\/noticiasveracruz.com\/index.php\/wp-json\/wp\/v2\/posts\/47573","targetHints":{"allow":["GET"]}}],"collection":[{"href":"https:\/\/noticiasveracruz.com\/index.php\/wp-json\/wp\/v2\/posts"}],"about":[{"href":"https:\/\/noticiasveracruz.com\/index.php\/wp-json\/wp\/v2\/types\/post"}],"author":[{"embeddable":true,"href":"https:\/\/noticiasveracruz.com\/index.php\/wp-json\/wp\/v2\/users\/4"}],"replies":[{"embeddable":true,"href":"https:\/\/noticiasveracruz.com\/index.php\/wp-json\/wp\/v2\/comments?post=47573"}],"version-history":[{"count":0,"href":"https:\/\/noticiasveracruz.com\/index.php\/wp-json\/wp\/v2\/posts\/47573\/revisions"}],"wp:featuredmedia":[{"embeddable":true,"href":"https:\/\/noticiasveracruz.com\/index.php\/wp-json\/wp\/v2\/media\/47574"}],"wp:attachment":[{"href":"https:\/\/noticiasveracruz.com\/index.php\/wp-json\/wp\/v2\/media?parent=47573"}],"wp:term":[{"taxonomy":"category","embeddable":true,"href":"https:\/\/noticiasveracruz.com\/index.php\/wp-json\/wp\/v2\/categories?post=47573"},{"taxonomy":"post_tag","embeddable":true,"href":"https:\/\/noticiasveracruz.com\/index.php\/wp-json\/wp\/v2\/tags?post=47573"}],"curies":[{"name":"wp","href":"https:\/\/api.w.org\/{rel}","templated":true}]}}