{"id":47570,"date":"2025-01-09T00:19:24","date_gmt":"2025-01-09T06:19:24","guid":{"rendered":"https:\/\/noticiasveracruz.com\/?p=47570"},"modified":"2025-01-08T23:16:08","modified_gmt":"2025-01-09T05:16:08","slug":"ecuador-es-el-pais-mas-violento-de-america-latina","status":"publish","type":"post","link":"https:\/\/noticiasveracruz.com\/index.php\/2025\/01\/09\/ecuador-es-el-pais-mas-violento-de-america-latina\/","title":{"rendered":"Ecuador es el pa\u00eds m\u00e1s violento de Am\u00e9rica Latina"},"content":{"rendered":"<p class=\"western\" lang=\"es-EC\">Hace un a\u00f1o, el asalto a un canal de televisi\u00f3n provoc\u00f3 que Daniel Noboa decretara el llamado \u201cConflicto armado interno\u201d, un mecanismo cuestionado por organizaciones de derechos humanos y que en la pr\u00e1ctica no alcanz\u00f3 su objetivos: no se desarticularon las 22 bandas delictivas, los puertos siguen siendo la principal salida de coca\u00edna a EE.UU. y Europa y la violencia criminal ubica a este pa\u00eds, por segundo a\u00f1o consecutivo, como el m\u00e1s violento de Am\u00e9rica Latina con 6.900 homicidios intencionales, una tasa de 38,4% por cada 100.000 habitantes.<\/p>\n<p class=\"western\" lang=\"es-EC\">Durante el 2024, adem\u00e1s se decretaron siete estados de excepci\u00f3n en zonas de alta violencia, pero ni con ello se redujeron notablemente los asesinatos. Y con la presencia de militares en las calles, con \u201cplenos poderes\u201d, el a\u00f1o pasado se registraro, 15 ejecuciones extrajudiciales y m\u00e1s de 80 casos de tortura, seg\u00fan el reporte de varias organizaciones de defensa de los derechos humanos. Incluso, seg\u00fan Juan Pappier, subdirector de Human Rights Watch (HRW), aumentaron los secuestros y las extorsiones, adem\u00e1s de asesinatos a jueces y fiscales. Por ejemplo, algunos de ellos investigaban a la familia del capo de la banda de los Choneros, Adolfo Mac\u00edas Villamar, alias Fito, fugado en diciembre de 2023 y que hasta ahora no ha sido recapturado.<\/p>\n<p class=\"western\" lang=\"es-EC\">En cambio, la Asociaci\u00f3n de Familiares y Amigos de Personas Desaparecidas (Asfadec) se\u00f1al\u00f3 que, en 2024, trece j\u00f3venes desaparecieron tras ser detenidos en operativos militares. Sin embargo, cuatro de ellos (los ni\u00f1os de Las Malvinas) fueron localizados sin vida. A lo cual se suman otras investigaciones que coinciden en el uso desproporcionado de la fuerza por parte de los uniformados en patrullajes, en los cuales se detuvo a centenas de j\u00f3venes, sobre todo de zonas marginales y empobrecidas, sin f\u00f3rmula de juicio o sin pruebas del cometimiento de alg\u00fan delito.<\/p>\n<p class=\"western\" lang=\"es-EC\">Sin embargo de los fundamentos con los que Noboa aplic\u00f3 la medida extraordinaria, la Corte Constitucional revis\u00f3 la causal de la declaratoria del conflicto armado interno, al menos en tres ocasiones, y siempre la cuestion\u00f3. El 21 de marzo pasado, observ\u00f3 que presidente ecuatoriano no justific\u00f3 las causales para declarar este conflicto. El 9 de mayo, recalc\u00f3 que no hubo informaci\u00f3n suficiente para justificar la existencia de uno o m\u00e1s conflictos. \u201cAl no presentarse una justificaci\u00f3n que acredite la concurrencia de los dos elementos necesarios para la configuraci\u00f3n de esta causal, esta Corte determina que no se ha cumplido con el requisito\u201d, concluy\u00f3 el organismo.<\/p>\n","protected":false},"excerpt":{"rendered":"<p>Hace un a\u00f1o, el asalto a un canal de televisi\u00f3n provoc\u00f3 que Daniel Noboa decretara el llamado \u201cConflicto armado interno\u201d,<\/p>\n","protected":false},"author":4,"featured_media":47571,"comment_status":"closed","ping_status":"closed","sticky":false,"template":"","format":"standard","meta":{"colormag_page_container_layout":"default_layout","colormag_page_sidebar_layout":"default_layout","_jetpack_memberships_contains_paid_content":false,"footnotes":"","jetpack_publicize_message":"","jetpack_publicize_feature_enabled":true,"jetpack_social_post_already_shared":true,"jetpack_social_options":{"image_generator_settings":{"template":"highway","default_image_id":0,"font":"","enabled":false},"version":2}},"categories":[355],"tags":[],"class_list":["post-47570","post","type-post","status-publish","format-standard","has-post-thumbnail","hentry","category-internacional"],"jetpack_publicize_connections":[],"jetpack_featured_media_url":"https:\/\/noticiasveracruz.com\/wp-content\/uploads\/2025\/01\/rss-efed80b15f5206f13ae934db11ed3dfb6445940b687w.jpg","jetpack_sharing_enabled":true,"publishpress_future_action":{"enabled":false,"date":"2026-05-07 18:52:55","action":"change-status","newStatus":"draft","terms":[],"taxonomy":"category","extraData":[]},"publishpress_future_workflow_manual_trigger":{"enabledWorkflows":[]},"_links":{"self":[{"href":"https:\/\/noticiasveracruz.com\/index.php\/wp-json\/wp\/v2\/posts\/47570","targetHints":{"allow":["GET"]}}],"collection":[{"href":"https:\/\/noticiasveracruz.com\/index.php\/wp-json\/wp\/v2\/posts"}],"about":[{"href":"https:\/\/noticiasveracruz.com\/index.php\/wp-json\/wp\/v2\/types\/post"}],"author":[{"embeddable":true,"href":"https:\/\/noticiasveracruz.com\/index.php\/wp-json\/wp\/v2\/users\/4"}],"replies":[{"embeddable":true,"href":"https:\/\/noticiasveracruz.com\/index.php\/wp-json\/wp\/v2\/comments?post=47570"}],"version-history":[{"count":0,"href":"https:\/\/noticiasveracruz.com\/index.php\/wp-json\/wp\/v2\/posts\/47570\/revisions"}],"wp:featuredmedia":[{"embeddable":true,"href":"https:\/\/noticiasveracruz.com\/index.php\/wp-json\/wp\/v2\/media\/47571"}],"wp:attachment":[{"href":"https:\/\/noticiasveracruz.com\/index.php\/wp-json\/wp\/v2\/media?parent=47570"}],"wp:term":[{"taxonomy":"category","embeddable":true,"href":"https:\/\/noticiasveracruz.com\/index.php\/wp-json\/wp\/v2\/categories?post=47570"},{"taxonomy":"post_tag","embeddable":true,"href":"https:\/\/noticiasveracruz.com\/index.php\/wp-json\/wp\/v2\/tags?post=47570"}],"curies":[{"name":"wp","href":"https:\/\/api.w.org\/{rel}","templated":true}]}}