{"id":47567,"date":"2025-01-09T00:18:33","date_gmt":"2025-01-09T06:18:33","guid":{"rendered":"https:\/\/noticiasveracruz.com\/?p=47567"},"modified":"2025-01-08T23:14:11","modified_gmt":"2025-01-09T05:14:11","slug":"jefe-de-gobierno-de-ontario-advierte-a-mexico-o-estan-con-pekin-o-con-washington","status":"publish","type":"post","link":"https:\/\/noticiasveracruz.com\/index.php\/2025\/01\/09\/jefe-de-gobierno-de-ontario-advierte-a-mexico-o-estan-con-pekin-o-con-washington\/","title":{"rendered":"Jefe de gobierno de Ontario advierte a M\u00e9xico: \u201cO est\u00e1n con Pek\u00edn o con Washington\u201d"},"content":{"rendered":"<p dir=\"ltr\">El jefe de gobierno canadiense de la provincia de Ontario, Doug Ford, advirti\u00f3 este mi\u00e9rcoles a M\u00e9xico que su relaci\u00f3n con China le est\u00e1 costando empleos a Canad\u00e1 y a Estados Unidos, por lo que debe decidir si est\u00e1 \u201ccon Pek\u00edn o con Washington\u201d.<\/p>\n<p dir=\"ltr\">\u201cNadie dice que Canad\u00e1 es el problema. Te voy a decir cu\u00e1l es el problema. China es el problema. Est\u00e1 enviando componentes baratos a M\u00e9xico y M\u00e9xico les coloca un sticker que dice \u2018Hecho en M\u00e9xico\u2019 para enviarlos a Estados Unidos y Canad\u00e1, lo que est\u00e1 costando empleos estadunidenses y canadienses, y eso es inaceptable\u201d, resalt\u00f3 Ford en rueda de prensa.<\/p>\n<p dir=\"ltr\">Ante esta situaci\u00f3n, advirti\u00f3 que \u201cM\u00e9xico tiene que tomar una decisi\u00f3n. O est\u00e1s con Beijing o est\u00e1s con Washington\u201d, para en seguida afirmar que los canadienses \u201cestamos con Washington\u201d.<\/p>\n<p dir=\"ltr\">Las declaraciones de Ford se dan en un aumento de tensiones diplom\u00e1ticas, ya que anteriormente hab\u00eda solicitado que M\u00e9xico saliera del T-MEC, mientras que el presidente electo, Donald Trump, sugiri\u00f3 imponer aranceles a Canad\u00e1 y contin\u00faa con la ret\u00f3rica de que sea el \u201cestado 51\u201d de Estados Unidos.<\/p>\n","protected":false},"excerpt":{"rendered":"<p>El jefe de gobierno canadiense de la provincia de Ontario, Doug Ford, advirti\u00f3 este mi\u00e9rcoles a M\u00e9xico que su relaci\u00f3n<\/p>\n","protected":false},"author":4,"featured_media":47568,"comment_status":"closed","ping_status":"closed","sticky":false,"template":"","format":"standard","meta":{"colormag_page_container_layout":"default_layout","colormag_page_sidebar_layout":"default_layout","_jetpack_memberships_contains_paid_content":false,"footnotes":"","jetpack_publicize_message":"","jetpack_publicize_feature_enabled":true,"jetpack_social_post_already_shared":true,"jetpack_social_options":{"image_generator_settings":{"template":"highway","default_image_id":0,"font":"","enabled":false},"version":2}},"categories":[355],"tags":[],"class_list":["post-47567","post","type-post","status-publish","format-standard","has-post-thumbnail","hentry","category-internacional"],"jetpack_publicize_connections":[],"jetpack_featured_media_url":"https:\/\/noticiasveracruz.com\/wp-content\/uploads\/2025\/01\/quieren-un-acuerdo-que-excluya-a-mexico-focus-0-0-1044-675.jpg","jetpack_sharing_enabled":true,"publishpress_future_action":{"enabled":false,"date":"2026-05-07 19:42:47","action":"change-status","newStatus":"draft","terms":[],"taxonomy":"category","extraData":[]},"publishpress_future_workflow_manual_trigger":{"enabledWorkflows":[]},"_links":{"self":[{"href":"https:\/\/noticiasveracruz.com\/index.php\/wp-json\/wp\/v2\/posts\/47567","targetHints":{"allow":["GET"]}}],"collection":[{"href":"https:\/\/noticiasveracruz.com\/index.php\/wp-json\/wp\/v2\/posts"}],"about":[{"href":"https:\/\/noticiasveracruz.com\/index.php\/wp-json\/wp\/v2\/types\/post"}],"author":[{"embeddable":true,"href":"https:\/\/noticiasveracruz.com\/index.php\/wp-json\/wp\/v2\/users\/4"}],"replies":[{"embeddable":true,"href":"https:\/\/noticiasveracruz.com\/index.php\/wp-json\/wp\/v2\/comments?post=47567"}],"version-history":[{"count":0,"href":"https:\/\/noticiasveracruz.com\/index.php\/wp-json\/wp\/v2\/posts\/47567\/revisions"}],"wp:featuredmedia":[{"embeddable":true,"href":"https:\/\/noticiasveracruz.com\/index.php\/wp-json\/wp\/v2\/media\/47568"}],"wp:attachment":[{"href":"https:\/\/noticiasveracruz.com\/index.php\/wp-json\/wp\/v2\/media?parent=47567"}],"wp:term":[{"taxonomy":"category","embeddable":true,"href":"https:\/\/noticiasveracruz.com\/index.php\/wp-json\/wp\/v2\/categories?post=47567"},{"taxonomy":"post_tag","embeddable":true,"href":"https:\/\/noticiasveracruz.com\/index.php\/wp-json\/wp\/v2\/tags?post=47567"}],"curies":[{"name":"wp","href":"https:\/\/api.w.org\/{rel}","templated":true}]}}