{"id":47552,"date":"2025-01-09T00:13:24","date_gmt":"2025-01-09T06:13:24","guid":{"rendered":"https:\/\/noticiasveracruz.com\/?p=47552"},"modified":"2025-01-08T22:59:21","modified_gmt":"2025-01-09T04:59:21","slug":"encuentros-zapatistas-convocaron-a-representantes-de-31-estados-y-46-paises","status":"publish","type":"post","link":"https:\/\/noticiasveracruz.com\/index.php\/2025\/01\/09\/encuentros-zapatistas-convocaron-a-representantes-de-31-estados-y-46-paises\/","title":{"rendered":"Encuentros zapatistas convocaron a representantes de 31 estados y 46 pa\u00edses"},"content":{"rendered":"<p><em>San Crist\u00f3bal de las Casas, Chis.<\/em><\/p>\n<p>Mil 79 firmantes de la Declaraci\u00f3n por la Vida asistieron a la primera sesi\u00f3n de los Encuentros de Resistencia y Rebeld\u00eda realizados a finales de diciembre pasado y principios del presente mes de enero, convocados por el Ej\u00e9rcito Zapatista de Liberaci\u00f3n Nacional (EZLN).<\/p>\n<p>As\u00ed lo informaron los Equipos de Apoyo de la Comisi\u00f3n Sexta Zapatista, al tiempo de agregar que acudieron 245 grupos, colectivos, movimientos u organizaciones y 35 \u201cmedios libres, aut\u00f3nomos, aut\u00f3nomos, independientes o como se llamen\u201d.<\/p>\n<p>En un informe difundido este mi\u00e9rcoles en su p\u00e1gina oficial, el EZLN se\u00f1al\u00f3 que las personas que participaron proven\u00edan de 31 estados de M\u00e9xico (todos, menos Campeche) y de 46 pa\u00edses o geograf\u00edas del mundo.<\/p>\n<p>Expres\u00f3 que entre las naciones asistentes se encuentran, Alemania, Holanda, Inglaterra, Ir\u00e1n, Israel, Italia, Francia, Australia, Canad\u00e1, Australia, Brasil, Corea, Cuba, Estados Unidos, Palestina, Suecia, Suiza y Venezuela, entre otros.<\/p>\n<p>Inform\u00f3 que tambi\u00e9n estuvieron presentes en las mesas de trabajo instaladas en el en CIDECI los d\u00edas 28-29 y 30 de diciembre del 2024, m\u00e1s 900 zapatistas asistentes, adem\u00e1s de autoridades aut\u00f3nomas, promotores de salud, de educaci\u00f3n y de como mujeres que somos, bases de apoyo, milicianos, milicianas y mandos pol\u00edtico-organizativos.<\/p>\n","protected":false},"excerpt":{"rendered":"<p>San Crist\u00f3bal de las Casas, Chis. Mil 79 firmantes de la Declaraci\u00f3n por la Vida asistieron a la primera sesi\u00f3n<\/p>\n","protected":false},"author":4,"featured_media":47553,"comment_status":"closed","ping_status":"closed","sticky":false,"template":"","format":"standard","meta":{"colormag_page_container_layout":"default_layout","colormag_page_sidebar_layout":"default_layout","_jetpack_memberships_contains_paid_content":false,"footnotes":"","jetpack_publicize_message":"","jetpack_publicize_feature_enabled":true,"jetpack_social_post_already_shared":true,"jetpack_social_options":{"image_generator_settings":{"template":"highway","default_image_id":0,"font":"","enabled":false},"version":2}},"categories":[145],"tags":[],"class_list":["post-47552","post","type-post","status-publish","format-standard","has-post-thumbnail","hentry","category-estados"],"jetpack_publicize_connections":[],"jetpack_featured_media_url":"https:\/\/noticiasveracruz.com\/wp-content\/uploads\/2025\/01\/BB1r80n3.jpg","jetpack_sharing_enabled":true,"publishpress_future_action":{"enabled":false,"date":"2026-05-07 23:41:34","action":"change-status","newStatus":"draft","terms":[],"taxonomy":"category","extraData":[]},"publishpress_future_workflow_manual_trigger":{"enabledWorkflows":[]},"_links":{"self":[{"href":"https:\/\/noticiasveracruz.com\/index.php\/wp-json\/wp\/v2\/posts\/47552","targetHints":{"allow":["GET"]}}],"collection":[{"href":"https:\/\/noticiasveracruz.com\/index.php\/wp-json\/wp\/v2\/posts"}],"about":[{"href":"https:\/\/noticiasveracruz.com\/index.php\/wp-json\/wp\/v2\/types\/post"}],"author":[{"embeddable":true,"href":"https:\/\/noticiasveracruz.com\/index.php\/wp-json\/wp\/v2\/users\/4"}],"replies":[{"embeddable":true,"href":"https:\/\/noticiasveracruz.com\/index.php\/wp-json\/wp\/v2\/comments?post=47552"}],"version-history":[{"count":0,"href":"https:\/\/noticiasveracruz.com\/index.php\/wp-json\/wp\/v2\/posts\/47552\/revisions"}],"wp:featuredmedia":[{"embeddable":true,"href":"https:\/\/noticiasveracruz.com\/index.php\/wp-json\/wp\/v2\/media\/47553"}],"wp:attachment":[{"href":"https:\/\/noticiasveracruz.com\/index.php\/wp-json\/wp\/v2\/media?parent=47552"}],"wp:term":[{"taxonomy":"category","embeddable":true,"href":"https:\/\/noticiasveracruz.com\/index.php\/wp-json\/wp\/v2\/categories?post=47552"},{"taxonomy":"post_tag","embeddable":true,"href":"https:\/\/noticiasveracruz.com\/index.php\/wp-json\/wp\/v2\/tags?post=47552"}],"curies":[{"name":"wp","href":"https:\/\/api.w.org\/{rel}","templated":true}]}}