{"id":47549,"date":"2025-01-09T00:12:18","date_gmt":"2025-01-09T06:12:18","guid":{"rendered":"https:\/\/noticiasveracruz.com\/?p=47549"},"modified":"2025-01-08T22:56:04","modified_gmt":"2025-01-09T04:56:04","slug":"milei-privatiza-metalurgica-impsa-pasa-a-manos-estadunidenses","status":"publish","type":"post","link":"https:\/\/noticiasveracruz.com\/index.php\/2025\/01\/09\/milei-privatiza-metalurgica-impsa-pasa-a-manos-estadunidenses\/","title":{"rendered":"Milei privatiza metal\u00fargica IMPSA; pasa a manos estadunidenses"},"content":{"rendered":"<p>El gobierno del ultraliberal presidente argentino Javier Milei anunci\u00f3 el mi\u00e9rcoles la primera privatizaci\u00f3n de una empresa durante su gesti\u00f3n, iniciada hace poco m\u00e1s de un a\u00f1o, al adjudicar la mayor\u00eda de las acciones de una metal\u00fargica a un consorcio con capitales mayoritariamente estadunidenses.<\/p>\n<p>\u201cPrivatizamos Impsa\u201d, dijo el ministro de Econom\u00eda, Luis Caputo, en su cuenta de X, antes Twitter, en la que poste\u00f3 un comunicado explicando la operaci\u00f3n con Industrias Metal\u00fargicas Pescarmona.<\/p>\n<p>IMPSA SA, fundada en 1907 en la provincia argentina de Mendoza, se dedica a la fabricaci\u00f3n de turbinas, gr\u00faas, reactores de generaci\u00f3n de energ\u00eda y tecnolog\u00eda.<\/p>\n<p>El comunicado del ministerio indic\u00f3 que la decisi\u00f3n oficial de desprenderse de las acciones en poder del Estado est\u00e1 alineada con el objetivo de \u201cd\u00e9ficit cero\u201d y la no asignaci\u00f3n de recursos federales a empresas privadas, \u201cabriendo as\u00ed la posibilidad de que la empresa contin\u00fae la actividad de forma saneada en un marco de econom\u00eda de mercado\u201d.<\/p>\n<p>Al explicar la operaci\u00f3n el ministerio se\u00f1al\u00f3 que una comisi\u00f3n evaluadora de las ofertas para la venta de la empresa, integrada por organismos nacionales y de Mendoza, resolvi\u00f3 \u201crecomendar la preadjudicaci\u00f3n de las acciones de la compa\u00f1\u00eda en poder del Estado nacional y provincial al consorcio IAF (Industrial Acquisition Find) cuyo socio principal es Arc Energy\u201d, de capitales estadunidenses. Ese porcentaje accionario estatal y provincial es de cerca de 85 por ciento.<\/p>\n<p>La comisi\u00f3n evalu\u00f3 la \u00fanica oferta presentada para la adquisici\u00f3n de las acciones y concluy\u00f3 que \u201cse acreditaron las condiciones de idoneidad, capacidad econ\u00f3mica y financiera de los principales accionistas de IAF para cumplir con la capitalizaci\u00f3n que requiere IMPSA\u201d, dijo el comunicado.<\/p>\n<p>IAF ofert\u00f3 27 millones de d\u00f3lares en concepto de aporte de capital y solicit\u00f3 un plazo hasta el 31 de enero para obtener el refinanciamiento de la deuda que IMPSA guarda con los acreedores, de 576 millones de d\u00f3lares.<\/p>\n<p>IAF deber\u00e1 obtener la conformidad de los acreedores para la renegociaci\u00f3n de la deuda y, en caso de que se cumpla con la condici\u00f3n, se proceder\u00e1 a la redacci\u00f3n del contrato de compra venta de acciones y su posterior transferencia.<\/p>\n","protected":false},"excerpt":{"rendered":"<p>El gobierno del ultraliberal presidente argentino Javier Milei anunci\u00f3 el mi\u00e9rcoles la primera privatizaci\u00f3n de una empresa durante su gesti\u00f3n,<\/p>\n","protected":false},"author":4,"featured_media":47550,"comment_status":"closed","ping_status":"closed","sticky":false,"template":"","format":"standard","meta":{"colormag_page_container_layout":"default_layout","colormag_page_sidebar_layout":"default_layout","_jetpack_memberships_contains_paid_content":false,"footnotes":"","jetpack_publicize_message":"","jetpack_publicize_feature_enabled":true,"jetpack_social_post_already_shared":true,"jetpack_social_options":{"image_generator_settings":{"template":"highway","default_image_id":0,"font":"","enabled":false},"version":2}},"categories":[1947],"tags":[],"class_list":["post-47549","post","type-post","status-publish","format-standard","has-post-thumbnail","hentry","category-economia"],"jetpack_publicize_connections":[],"jetpack_featured_media_url":"https:\/\/noticiasveracruz.com\/wp-content\/uploads\/2025\/01\/677ecaa5c2c76.jpeg","jetpack_sharing_enabled":true,"publishpress_future_action":{"enabled":false,"date":"2026-05-08 00:37:03","action":"change-status","newStatus":"draft","terms":[],"taxonomy":"category","extraData":[]},"publishpress_future_workflow_manual_trigger":{"enabledWorkflows":[]},"_links":{"self":[{"href":"https:\/\/noticiasveracruz.com\/index.php\/wp-json\/wp\/v2\/posts\/47549","targetHints":{"allow":["GET"]}}],"collection":[{"href":"https:\/\/noticiasveracruz.com\/index.php\/wp-json\/wp\/v2\/posts"}],"about":[{"href":"https:\/\/noticiasveracruz.com\/index.php\/wp-json\/wp\/v2\/types\/post"}],"author":[{"embeddable":true,"href":"https:\/\/noticiasveracruz.com\/index.php\/wp-json\/wp\/v2\/users\/4"}],"replies":[{"embeddable":true,"href":"https:\/\/noticiasveracruz.com\/index.php\/wp-json\/wp\/v2\/comments?post=47549"}],"version-history":[{"count":0,"href":"https:\/\/noticiasveracruz.com\/index.php\/wp-json\/wp\/v2\/posts\/47549\/revisions"}],"wp:featuredmedia":[{"embeddable":true,"href":"https:\/\/noticiasveracruz.com\/index.php\/wp-json\/wp\/v2\/media\/47550"}],"wp:attachment":[{"href":"https:\/\/noticiasveracruz.com\/index.php\/wp-json\/wp\/v2\/media?parent=47549"}],"wp:term":[{"taxonomy":"category","embeddable":true,"href":"https:\/\/noticiasveracruz.com\/index.php\/wp-json\/wp\/v2\/categories?post=47549"},{"taxonomy":"post_tag","embeddable":true,"href":"https:\/\/noticiasveracruz.com\/index.php\/wp-json\/wp\/v2\/tags?post=47549"}],"curies":[{"name":"wp","href":"https:\/\/api.w.org\/{rel}","templated":true}]}}