{"id":47537,"date":"2025-01-09T00:08:23","date_gmt":"2025-01-09T06:08:23","guid":{"rendered":"https:\/\/noticiasveracruz.com\/?p=47537"},"modified":"2025-01-08T22:41:10","modified_gmt":"2025-01-09T04:41:10","slug":"ministra-batres-solicitara-destitucion-de-5-integrantes-del-comite-del-pjf","status":"publish","type":"post","link":"https:\/\/noticiasveracruz.com\/index.php\/2025\/01\/09\/ministra-batres-solicitara-destitucion-de-5-integrantes-del-comite-del-pjf\/","title":{"rendered":"Ministra Batres solicitar\u00e1 destituci\u00f3n de 5 integrantes del Comit\u00e9 del PJF"},"content":{"rendered":"<p class=\"western\">La ministra Lenia Batres Guadarrama pedir\u00e1 este jueves al Pleno de la Suprema Corte de Justicia de la Naci\u00f3n (SCJN) la destituci\u00f3n inmediata de los cinco integrantes del Comit\u00e9 de Evaluaci\u00f3n del Poder Judicial (PJF), pues acusa que se excedieron en sus facultades al haber suspendido el pasado martes el proceso de selecci\u00f3n de candidatos para la elecci\u00f3n judicial del 1 de junio de este a\u00f1o.<\/p>\n<p class=\"western\">\u201cEl Comit\u00e9 solo tiene una funci\u00f3n honor\u00edfica, t\u00e9cnica y auxiliar en la selecci\u00f3n de los candidatos que contender\u00e1n en la elecci\u00f3n judicial\u201d, se\u00f1al\u00f3 este mi\u00e9rcoles en una tarjeta informativa.<\/p>\n<p class=\"western\">De acuerdo con la togada, los integrantes del Comit\u00e9: M\u00f3nica Gonz\u00e1lez Contr\u00f3, Emma Meza Fonseca, Mar\u00eda Emilia Molina de la Puente, Luis Enrique Pereda Trejo y Wilfrido Casta\u00f1\u00f3n Le\u00f3n, tomaron \u201cde manera unilateral\u201d la decisi\u00f3n de suspender el proceso \u201csin informar previamente a los ministros\u201d.<\/p>\n<p class=\"western\">Tambi\u00e9n afirma que dicha decisi\u00f3n carece de sustento jur\u00eddico porque sus funciones son \u201climitadas a cuestiones t\u00e9cnicas, internas y administrativas\u201d.<\/p>\n<p class=\"western\">Adem\u00e1s, apunta que el Comit\u00e9 no puede tomar decisiones unilaterales de supra a subordinaci\u00f3n pues quien formula la propuesta de candidatos es la SCJN y no ese \u00f3rgano de evaluaci\u00f3n; tambi\u00e9n que es \u201cinviable otorgar una suspensi\u00f3n cuando es evidente que el art\u00edculo 61 fracci\u00f3n II de la Ley de Amparo se\u00f1ala que el juicio de amparo es improcedente en contra de actos de la SCJN\u201d.<\/p>\n<p class=\"western\">\u201cEl tr\u00e1mite que debi\u00f3 darse a la notificaci\u00f3n del Juzgado Primero de Distrito, con residencia en Michoac\u00e1n, era notificar a la presidencia de la SCJN, que a su vez tendr\u00eda que haber consultado al Pleno de ministros sobre la viabilidad jur\u00eddica de la suspensi\u00f3n, dado que la reforma constitucional faculta a dicho pleno para presentar las candidaturas que podr\u00e1n postularse, a nombre del PJF, en la elecci\u00f3n de personas juzgadoras federale\u201d, apunta Batres.<\/p>\n<p class=\"western\">Batres presentar\u00e1 su solicitud de remover a los integrantes del Comit\u00e9 en la sesi\u00f3n privada del Pleno convocada para este jueves, en la que la ministra presidenta Norma Pi\u00f1a Hern\u00e1ndez les informar\u00e1 a los ministros de la decisi\u00f3n de suspender el proceso de selecci\u00f3n de candidatos.<\/p>\n","protected":false},"excerpt":{"rendered":"<p>La ministra Lenia Batres Guadarrama pedir\u00e1 este jueves al Pleno de la Suprema Corte de Justicia de la Naci\u00f3n (SCJN)<\/p>\n","protected":false},"author":4,"featured_media":47538,"comment_status":"closed","ping_status":"closed","sticky":false,"template":"","format":"standard","meta":{"colormag_page_container_layout":"default_layout","colormag_page_sidebar_layout":"default_layout","_jetpack_memberships_contains_paid_content":false,"footnotes":"","jetpack_publicize_message":"","jetpack_publicize_feature_enabled":true,"jetpack_social_post_already_shared":true,"jetpack_social_options":{"image_generator_settings":{"template":"highway","default_image_id":0,"font":"","enabled":false},"version":2}},"categories":[4],"tags":[],"class_list":["post-47537","post","type-post","status-publish","format-standard","has-post-thumbnail","hentry","category-nacional"],"jetpack_publicize_connections":[],"jetpack_featured_media_url":"https:\/\/noticiasveracruz.com\/wp-content\/uploads\/2025\/01\/big_3u0a2.png","jetpack_sharing_enabled":true,"publishpress_future_action":{"enabled":false,"date":"2026-05-08 01:23:33","action":"change-status","newStatus":"draft","terms":[],"taxonomy":"category","extraData":[]},"publishpress_future_workflow_manual_trigger":{"enabledWorkflows":[]},"_links":{"self":[{"href":"https:\/\/noticiasveracruz.com\/index.php\/wp-json\/wp\/v2\/posts\/47537","targetHints":{"allow":["GET"]}}],"collection":[{"href":"https:\/\/noticiasveracruz.com\/index.php\/wp-json\/wp\/v2\/posts"}],"about":[{"href":"https:\/\/noticiasveracruz.com\/index.php\/wp-json\/wp\/v2\/types\/post"}],"author":[{"embeddable":true,"href":"https:\/\/noticiasveracruz.com\/index.php\/wp-json\/wp\/v2\/users\/4"}],"replies":[{"embeddable":true,"href":"https:\/\/noticiasveracruz.com\/index.php\/wp-json\/wp\/v2\/comments?post=47537"}],"version-history":[{"count":0,"href":"https:\/\/noticiasveracruz.com\/index.php\/wp-json\/wp\/v2\/posts\/47537\/revisions"}],"wp:featuredmedia":[{"embeddable":true,"href":"https:\/\/noticiasveracruz.com\/index.php\/wp-json\/wp\/v2\/media\/47538"}],"wp:attachment":[{"href":"https:\/\/noticiasveracruz.com\/index.php\/wp-json\/wp\/v2\/media?parent=47537"}],"wp:term":[{"taxonomy":"category","embeddable":true,"href":"https:\/\/noticiasveracruz.com\/index.php\/wp-json\/wp\/v2\/categories?post=47537"},{"taxonomy":"post_tag","embeddable":true,"href":"https:\/\/noticiasveracruz.com\/index.php\/wp-json\/wp\/v2\/tags?post=47537"}],"curies":[{"name":"wp","href":"https:\/\/api.w.org\/{rel}","templated":true}]}}