{"id":47531,"date":"2025-01-09T00:06:20","date_gmt":"2025-01-09T06:06:20","guid":{"rendered":"https:\/\/noticiasveracruz.com\/?p=47531"},"modified":"2025-01-08T22:37:32","modified_gmt":"2025-01-09T04:37:32","slug":"ordena-tepjf-responder-a-48-personas-excluidas-en-proceso-electoral-judicial","status":"publish","type":"post","link":"https:\/\/noticiasveracruz.com\/index.php\/2025\/01\/09\/ordena-tepjf-responder-a-48-personas-excluidas-en-proceso-electoral-judicial\/","title":{"rendered":"Ordena TEPJF responder a 48 personas excluidas en proceso electoral judicial"},"content":{"rendered":"<div>En 54 asuntos, el TEPJF determin\u00f3 desechar las demandas de quienes impugnaron las listas de los aspirantes seleccionados por los comit\u00e9s de evaluaci\u00f3n del Poder Ejecutivo y del Poder Legislativo para continuar en el proceso de selecci\u00f3n de candidatos para el proceso electoral judicial, pero orden\u00f3 a dichos comit\u00e9s emitir respuestas a 48 personas excluidas en las que explique los motivos y los razonamientos por los que no fueron elegidas.<\/div>\n<div><\/div>\n<div>Asimismo, el pleno de la sala superior tambi\u00e9n orden\u00f3 a ambos comit\u00e9s publicar \u201ca la brevedad\u201d la reincorporaci\u00f3n\u00a0 de 18 personas a la lista de personas aspirantes que cumplen los requisitos de elegibilidad, quienes impugnaron ante este tribunal y les dio la raz\u00f3n por contar con los requisitos de idoneidad para seguir en el proceso de selecci\u00f3n.<\/div>\n<div><\/div>\n<div>Los promoventes de 54 juicios de la ciudadan\u00eda se\u00f1alaron su inconformidad contra los Comit\u00e9s de Evaluaci\u00f3n del Poder Ejecutivo y Legislativo por la exclusi\u00f3n que se les hizo de las listas de personas que cumplen los requisitos de elegibilidad para continuar participando para ser candidatos en el proceso electoral extraordinario para juzgadores.<\/div>\n<div><\/div>\n<div>Pese a que en estos casos, el pleno de la sala superior confirm\u00f3 las decisiones de ambos comit\u00e9s respecto a mantener las listas, les orden\u00f3 que en cada caso emitan una determinaci\u00f3n en la que de manera fundada y motivada expresen las razones espec\u00edficas y causas inmediatas que la justifiquen y la hagan del\u00a0conocimiento de los promoventes, a fin de garantizar su acceso a una debida defensa.<\/div>\n<div><\/div>\n<div>\u201cEn los casos que los promoventes fueron excluidos de las listas sin que se explicaran las razones que llevaron a esa decisi\u00f3n, lo conducente es ordenar a la responsable que emita una determinaci\u00f3n motivada que les permita conocer las causas de las que derivan\u201d, asever\u00f3 la magistrada presidenta M\u00f3nica Soto Fregoso.<\/div>\n<div><\/div>\n<div>A\u00f1adi\u00f3 que este ejercicio de emitir las razones por las que no contin\u00faan en el proceso de selecci\u00f3n sirve para dotar de certeza y transparencia al proceso de elecci\u00f3n en su integridad \u201cen beneficio no solamente de las personas aspirantes, sino de la ciudadan\u00eda en general y del propio proceso.<\/div>\n<div><\/div>\n<div>Aunque los listados no se alteran, la magistrada Soto consider\u00f3 fundados los agravios en los que los inconformes fueron excluidos de las listas\u00a0publicadas por los comit\u00e9s el pasado 15 de diciembre por el hecho de que no les explicaron las razones por las que fueron excluidos.<\/div>\n<div><\/div>\n<div>\u201cLes asiste la raz\u00f3n cuando alegan la falta de motivaci\u00f3n de los actos impugnados, ya que de ellos no se advierte que las responsables explicaran los fundamentos, causas, ni razones espec\u00edficas que les permitan saber a las partes actoras el por qu\u00e9 no fueron incluidas en los listados de personas elegibles\u201d.<\/div>\n<div><\/div>\n<div>Por lo anterior, el pleno determin\u00f3 que los comit\u00e9s deben otorgar dichas explicaciones, pues s\u00f3lo se tienen publicados los listados en donde aparecen los nombres de quienes, a juicio de los comit\u00e9s, cumplieron con los requisitos de elegibilidad para continuar a la siguiente etapa del proceso sin que en alguna parte de ellos se advierta que se expresaran las causas por las que los aspirantes excluidos no reunieron alg\u00fan requisito.<\/div>\n<div><\/div>\n<div>\u201cEs indispensable que quienes participan en este proceso de selecci\u00f3n, conozcan los motivos para avanzar a la siguiente etapa al ser obligaci\u00f3n de toda autoridad fundar y motivar debidamente sus determinaciones\u201d.<\/div>\n<div>\n<div><\/div>\n<div>En la sesi\u00f3n p\u00fablica de hoy, el pleno tambi\u00e9n determin\u00f3 inexistentes las omisiones que se manifestaron en otras tres impugnaciones a las listas de los aspirantes al proceso electoral judicial, adem\u00e1s, de que desech\u00f3 otros 23 asuntos sin llegar al fondo del an\u00e1lisis.<\/div>\n<\/div>\n","protected":false},"excerpt":{"rendered":"<p>En 54 asuntos, el TEPJF determin\u00f3 desechar las demandas de quienes impugnaron las listas de los aspirantes seleccionados por los<\/p>\n","protected":false},"author":4,"featured_media":47532,"comment_status":"closed","ping_status":"closed","sticky":false,"template":"","format":"standard","meta":{"colormag_page_container_layout":"default_layout","colormag_page_sidebar_layout":"default_layout","_jetpack_memberships_contains_paid_content":false,"footnotes":"","jetpack_publicize_message":"","jetpack_publicize_feature_enabled":true,"jetpack_social_post_already_shared":true,"jetpack_social_options":{"image_generator_settings":{"template":"highway","default_image_id":0,"font":"","enabled":false},"version":2}},"categories":[4],"tags":[],"class_list":["post-47531","post","type-post","status-publish","format-standard","has-post-thumbnail","hentry","category-nacional"],"jetpack_publicize_connections":[],"jetpack_featured_media_url":"https:\/\/noticiasveracruz.com\/wp-content\/uploads\/2025\/01\/66e8c29fb5289.png","jetpack_sharing_enabled":true,"publishpress_future_action":{"enabled":false,"date":"2026-05-07 23:42:00","action":"change-status","newStatus":"draft","terms":[],"taxonomy":"category","extraData":[]},"publishpress_future_workflow_manual_trigger":{"enabledWorkflows":[]},"_links":{"self":[{"href":"https:\/\/noticiasveracruz.com\/index.php\/wp-json\/wp\/v2\/posts\/47531","targetHints":{"allow":["GET"]}}],"collection":[{"href":"https:\/\/noticiasveracruz.com\/index.php\/wp-json\/wp\/v2\/posts"}],"about":[{"href":"https:\/\/noticiasveracruz.com\/index.php\/wp-json\/wp\/v2\/types\/post"}],"author":[{"embeddable":true,"href":"https:\/\/noticiasveracruz.com\/index.php\/wp-json\/wp\/v2\/users\/4"}],"replies":[{"embeddable":true,"href":"https:\/\/noticiasveracruz.com\/index.php\/wp-json\/wp\/v2\/comments?post=47531"}],"version-history":[{"count":0,"href":"https:\/\/noticiasveracruz.com\/index.php\/wp-json\/wp\/v2\/posts\/47531\/revisions"}],"wp:featuredmedia":[{"embeddable":true,"href":"https:\/\/noticiasveracruz.com\/index.php\/wp-json\/wp\/v2\/media\/47532"}],"wp:attachment":[{"href":"https:\/\/noticiasveracruz.com\/index.php\/wp-json\/wp\/v2\/media?parent=47531"}],"wp:term":[{"taxonomy":"category","embeddable":true,"href":"https:\/\/noticiasveracruz.com\/index.php\/wp-json\/wp\/v2\/categories?post=47531"},{"taxonomy":"post_tag","embeddable":true,"href":"https:\/\/noticiasveracruz.com\/index.php\/wp-json\/wp\/v2\/tags?post=47531"}],"curies":[{"name":"wp","href":"https:\/\/api.w.org\/{rel}","templated":true}]}}