{"id":47528,"date":"2025-01-09T00:05:52","date_gmt":"2025-01-09T06:05:52","guid":{"rendered":"https:\/\/noticiasveracruz.com\/?p=47528"},"modified":"2025-01-08T22:34:49","modified_gmt":"2025-01-09T04:34:49","slug":"fracasara-intento-por-descarrilar-elecciones-del-poder-judicial-morena","status":"publish","type":"post","link":"https:\/\/noticiasveracruz.com\/index.php\/2025\/01\/09\/fracasara-intento-por-descarrilar-elecciones-del-poder-judicial-morena\/","title":{"rendered":"Fracasar\u00e1 intento por descarrilar elecciones del Poder Judicial: Morena"},"content":{"rendered":"<p class=\"western\">Senadores y diputados de Morena y aliados, advirtieron que a pesar del nuevo intento del Poder Judicial de detener la elecci\u00f3n de jueces, magistrados y ministros, \u00e9sta se llevar\u00e1 a cabo el pr\u00f3ximo primero de junio.<\/p>\n<p class=\"western\">Durante la sesi\u00f3n de la Comisi\u00f3n Permanente, advirtieron que el Comit\u00e9 de Evaluaci\u00f3n del Poder Judicial (CEPJ), en un claro intento de descarrillar ese proceso electoral, detiene el proceso de selecci\u00f3n de aspirantes, en base a un amparo concedido por un juez de Michoac\u00e1n, que no tiene facultades para ello.<\/p>\n<p class=\"western\">Previo a la sesi\u00f3n, el presidente del Senado, Gerardo Fern\u00e1ndez Noro\u00f1a, coment\u00f3 que el proceso va a seguir y los m\u00e1s de mil aspirantes inscritos en ese CEPJ tienen garantizados sus derechos y ser\u00e1n trasladados a alguno de los otros dos comit\u00e9s o crear una comisi\u00f3n auxiliar, pero la elecci\u00f3n no se detendr\u00e1.<\/p>\n<p class=\"western\">Adelant\u00f3 que la Mesa Directiva y la Junta de Coordinaci\u00f3n Pol\u00edtica del Senado tendr\u00e1n que elaborar un acuerdo para garantizar la participaci\u00f3n de quienes se registraron ante el Comit\u00e9 de Evaluaci\u00f3n del Poder Judicial.<\/p>\n<p class=\"western\">\u201cSer\u00eda grav\u00edsimo\u201d que las personas que de buena fe se inscribieron ante el CEPJ se quedaran fuera de la elecci\u00f3n por una franca irresponsabilidad, negligencia y provocaci\u00f3n del Poder Judicial de la Federaci\u00f3n\u201d.<\/p>\n<p class=\"western\">Agreg\u00f3 que es en un intento desesperado de la Suprema Corte de descarrilar la elecci\u00f3n del primer domingo de junio de 2025, pero \u201cno lo lograr\u00e1\u201d.<\/p>\n<p class=\"western\">Durante la sesi\u00f3n, las Morenistas Nora Ruvalcaba, Simey Olvera y Laura Itzel Castillo resaltaron que el CEPJ no debi\u00f3 frenar el proceso de selecci\u00f3n de los aspirantes a juzgadores, toda vez que como juristas saben que no proceden amparos contra reformas a la Carta Magna, ni en materia electoral.<\/p>\n<p class=\"western\">Esa decisi\u00f3n, coincidieron, muestra lo urgente que es la reforma judicial y no pueden doblegarse \u201ca una resoluci\u00f3n judicial caprichosa, que desaf\u00eda la continuidad de un proceso comicial leg\u00edtimo\u201d.<\/p>\n<p class=\"western\">Los senadores Ana Ericka Santa y Waldo Fern\u00e1ndez del PVEM, se\u00f1alaron que el juez primero de distrito en el estado de Michoc\u00e1n, debe ser sancionado, por actuar de forma ilegal.<\/p>\n<p class=\"western\">Igualmente, el senador del PT, Gonzalo Ya\u00f1ez, recalc\u00f3 que se trata de \u201cun juez vendido a los intereses de la oligarqu\u00eda y de la derecha\u201d que atropella y pisotea la Constituci\u00f3n\u201d.<\/p>\n<p class=\"western\">En contraparte, la coordinadora de los senadores del PAN, Guadalupe Murgu\u00eda, recalc\u00f3 que las resoluciones judiciales deben acatarse y puso en duda que el Senado pueda decidir que el proceso continu\u00e9.<\/p>\n<p class=\"western\">Si bien, dijo, en la convocatoria que emiti\u00f3 el Senado se se\u00f1ala que tanto la mesa directiva como la Junta de Coordinaci\u00f3n de esa c\u00e1mara podr\u00e1n resolver los casos no previstos, no puede ser sin la intervenci\u00f3n del poder judicial.<\/p>\n","protected":false},"excerpt":{"rendered":"<p>Senadores y diputados de Morena y aliados, advirtieron que a pesar del nuevo intento del Poder Judicial de detener la<\/p>\n","protected":false},"author":4,"featured_media":47529,"comment_status":"closed","ping_status":"closed","sticky":false,"template":"","format":"standard","meta":{"colormag_page_container_layout":"default_layout","colormag_page_sidebar_layout":"default_layout","_jetpack_memberships_contains_paid_content":false,"footnotes":"","jetpack_publicize_message":"","jetpack_publicize_feature_enabled":true,"jetpack_social_post_already_shared":true,"jetpack_social_options":{"image_generator_settings":{"template":"highway","default_image_id":0,"font":"","enabled":false},"version":2}},"categories":[4],"tags":[],"class_list":["post-47528","post","type-post","status-publish","format-standard","has-post-thumbnail","hentry","category-nacional"],"jetpack_publicize_connections":[],"jetpack_featured_media_url":"https:\/\/noticiasveracruz.com\/wp-content\/uploads\/2025\/01\/010n1pol-1.jpg","jetpack_sharing_enabled":true,"publishpress_future_action":{"enabled":false,"date":"2026-05-07 22:52:42","action":"change-status","newStatus":"draft","terms":[],"taxonomy":"category","extraData":[]},"publishpress_future_workflow_manual_trigger":{"enabledWorkflows":[]},"_links":{"self":[{"href":"https:\/\/noticiasveracruz.com\/index.php\/wp-json\/wp\/v2\/posts\/47528","targetHints":{"allow":["GET"]}}],"collection":[{"href":"https:\/\/noticiasveracruz.com\/index.php\/wp-json\/wp\/v2\/posts"}],"about":[{"href":"https:\/\/noticiasveracruz.com\/index.php\/wp-json\/wp\/v2\/types\/post"}],"author":[{"embeddable":true,"href":"https:\/\/noticiasveracruz.com\/index.php\/wp-json\/wp\/v2\/users\/4"}],"replies":[{"embeddable":true,"href":"https:\/\/noticiasveracruz.com\/index.php\/wp-json\/wp\/v2\/comments?post=47528"}],"version-history":[{"count":0,"href":"https:\/\/noticiasveracruz.com\/index.php\/wp-json\/wp\/v2\/posts\/47528\/revisions"}],"wp:featuredmedia":[{"embeddable":true,"href":"https:\/\/noticiasveracruz.com\/index.php\/wp-json\/wp\/v2\/media\/47529"}],"wp:attachment":[{"href":"https:\/\/noticiasveracruz.com\/index.php\/wp-json\/wp\/v2\/media?parent=47528"}],"wp:term":[{"taxonomy":"category","embeddable":true,"href":"https:\/\/noticiasveracruz.com\/index.php\/wp-json\/wp\/v2\/categories?post=47528"},{"taxonomy":"post_tag","embeddable":true,"href":"https:\/\/noticiasveracruz.com\/index.php\/wp-json\/wp\/v2\/tags?post=47528"}],"curies":[{"name":"wp","href":"https:\/\/api.w.org\/{rel}","templated":true}]}}