{"id":47525,"date":"2025-01-09T00:04:02","date_gmt":"2025-01-09T06:04:02","guid":{"rendered":"https:\/\/noticiasveracruz.com\/?p=47525"},"modified":"2025-01-08T22:20:57","modified_gmt":"2025-01-09T04:20:57","slug":"impulsa-gobernadora-certificacion-ganadera","status":"publish","type":"post","link":"https:\/\/noticiasveracruz.com\/index.php\/2025\/01\/09\/impulsa-gobernadora-certificacion-ganadera\/","title":{"rendered":"Impulsa gobernadora certificaci\u00f3n ganadera"},"content":{"rendered":"<p>La gobernadora Roc\u00edo Nahle Garc\u00eda dio seguimiento a las acciones emprendidas en los rastros y casetas de inspecci\u00f3n zoosanitaria, con el objetivo de que los 47 municipios del sur, actualmente catalogados como Zona B, avancen a Zona A.<\/p>\n<p>En la segunda reuni\u00f3n de trabajo con productores, autoridades estatales y municipales, record\u00f3 que obtener la certificaci\u00f3n permitir\u00e1, adem\u00e1s de exportar e intercambiar ganado, tambi\u00e9n acceder a mejores precios en los mercados nacional y norteamericano.<\/p>\n<p>Acompa\u00f1ada por el secretario de Desarrollo Agropecuario, Rural y Pesca (Sedarpa), Rodrigo Calder\u00f3n Salas, mencion\u00f3 algunas de las medidas inmediatas aplicadas, como la rehabilitaci\u00f3n de tres casetas sanitarias en los l\u00edmites con Chiapas, Oaxaca y Tabasco, para frenar la entrada del gusano barrenador.<\/p>\n<p>Tambi\u00e9n se actualizar\u00e1 la infraestructura con m\u00e1s casetas y rastros, y avanzar\u00e1 la digitalizaci\u00f3n de tr\u00e1mites para facilitar el acceso a servicios, as\u00ed como la actualizaci\u00f3n de registros certificables. Para ello, subray\u00f3 la importancia de la colaboraci\u00f3n con extensionistas para mejorar los resultados.<\/p>\n<p>Adelant\u00f3 que pr\u00f3ximamente iniciar\u00e1 la campa\u00f1a contra la tuberculosis y la brucelosis, con el objetivo de garantizar que tanto la carne como los l\u00e1cteos est\u00e9n libres de enfermedades transmisibles al ser humano, posicionando a Veracruz como pionero a nivel nacional.<\/p>\n<p>En representaci\u00f3n del sector, el presidente de la Uni\u00f3n Ganadera Regional del Sur, Isaac Velasco Garc\u00eda, reconoci\u00f3 el compromiso de la gobernadora para mejorar la sanidad y productividad, el valor agregado y la importancia de la capacitaci\u00f3n a peque\u00f1os productores.<\/p>\n","protected":false},"excerpt":{"rendered":"<p>La gobernadora Roc\u00edo Nahle Garc\u00eda dio seguimiento a las acciones emprendidas en los rastros y casetas de inspecci\u00f3n zoosanitaria, con<\/p>\n","protected":false},"author":4,"featured_media":47526,"comment_status":"closed","ping_status":"closed","sticky":false,"template":"","format":"standard","meta":{"colormag_page_container_layout":"default_layout","colormag_page_sidebar_layout":"default_layout","_jetpack_memberships_contains_paid_content":false,"footnotes":"","jetpack_publicize_message":"","jetpack_publicize_feature_enabled":true,"jetpack_social_post_already_shared":true,"jetpack_social_options":{"image_generator_settings":{"template":"highway","default_image_id":0,"font":"","enabled":false},"version":2}},"categories":[356],"tags":[],"class_list":["post-47525","post","type-post","status-publish","format-standard","has-post-thumbnail","hentry","category-veracruz"],"jetpack_publicize_connections":[],"jetpack_featured_media_url":"https:\/\/noticiasveracruz.com\/wp-content\/uploads\/2025\/01\/8a1-2.jpg","jetpack_sharing_enabled":true,"publishpress_future_action":{"enabled":false,"date":"2026-05-07 22:06:52","action":"change-status","newStatus":"draft","terms":[],"taxonomy":"category","extraData":[]},"publishpress_future_workflow_manual_trigger":{"enabledWorkflows":[]},"_links":{"self":[{"href":"https:\/\/noticiasveracruz.com\/index.php\/wp-json\/wp\/v2\/posts\/47525","targetHints":{"allow":["GET"]}}],"collection":[{"href":"https:\/\/noticiasveracruz.com\/index.php\/wp-json\/wp\/v2\/posts"}],"about":[{"href":"https:\/\/noticiasveracruz.com\/index.php\/wp-json\/wp\/v2\/types\/post"}],"author":[{"embeddable":true,"href":"https:\/\/noticiasveracruz.com\/index.php\/wp-json\/wp\/v2\/users\/4"}],"replies":[{"embeddable":true,"href":"https:\/\/noticiasveracruz.com\/index.php\/wp-json\/wp\/v2\/comments?post=47525"}],"version-history":[{"count":0,"href":"https:\/\/noticiasveracruz.com\/index.php\/wp-json\/wp\/v2\/posts\/47525\/revisions"}],"wp:featuredmedia":[{"embeddable":true,"href":"https:\/\/noticiasveracruz.com\/index.php\/wp-json\/wp\/v2\/media\/47526"}],"wp:attachment":[{"href":"https:\/\/noticiasveracruz.com\/index.php\/wp-json\/wp\/v2\/media?parent=47525"}],"wp:term":[{"taxonomy":"category","embeddable":true,"href":"https:\/\/noticiasveracruz.com\/index.php\/wp-json\/wp\/v2\/categories?post=47525"},{"taxonomy":"post_tag","embeddable":true,"href":"https:\/\/noticiasveracruz.com\/index.php\/wp-json\/wp\/v2\/tags?post=47525"}],"curies":[{"name":"wp","href":"https:\/\/api.w.org\/{rel}","templated":true}]}}