{"id":47522,"date":"2025-01-09T00:03:57","date_gmt":"2025-01-09T06:03:57","guid":{"rendered":"https:\/\/noticiasveracruz.com\/?p=47522"},"modified":"2025-01-08T22:19:43","modified_gmt":"2025-01-09T04:19:43","slug":"avanza-un-85-el-retiro-de-la-caseta","status":"publish","type":"post","link":"https:\/\/noticiasveracruz.com\/index.php\/2025\/01\/09\/avanza-un-85-el-retiro-de-la-caseta\/","title":{"rendered":"Avanza un 85 % el retiro de la caseta"},"content":{"rendered":"<p>La gobernadora de Veracruz, Roc\u00edo Nahle Garc\u00eda, acompa\u00f1ada por el secretario de Infraestructura y Obras P\u00fablicas, Leonardo Cornejo Serrano, supervis\u00f3 el retiro de la caseta Puente Coatzacoalcos I, que presenta un avance del 85 por ciento.<\/p>\n<p>A menos de un mes de iniciados los trabajos, fueron desmanteladas y retiradas las cabinas, el techo, la estructura met\u00e1lica de la fachada, as\u00ed como la demolici\u00f3n de la losa y las barreras de separaci\u00f3n de carriles.<\/p>\n<p>En entrevista con medios de comunicaci\u00f3n, la Gobernadora destac\u00f3 el compromiso de su administraci\u00f3n por mejorar la infraestructura vial y acelerar los trabajos en la regi\u00f3n, como es la construcci\u00f3n del bulevar que conecta hasta Nuevo Teapan.<\/p>\n<p>\u201cEsta promesa la hacemos por la gente que lo merece. Estamos aqu\u00ed para garantizar que todo se haga correctamente y para que los resultados sean los esperados\u201d.<\/p>\n<p>En otro tema, Roc\u00edo Nahle respondi\u00f3 a los reportes de automovilistas sobre el ret\u00e9n en Agua Dulce, asegurando que tomar\u00e1 medidas para evitar la colocaci\u00f3n de conos en medio de la carretera.<\/p>\n","protected":false},"excerpt":{"rendered":"<p>La gobernadora de Veracruz, Roc\u00edo Nahle Garc\u00eda, acompa\u00f1ada por el secretario de Infraestructura y Obras P\u00fablicas, Leonardo Cornejo Serrano, supervis\u00f3<\/p>\n","protected":false},"author":4,"featured_media":47523,"comment_status":"closed","ping_status":"closed","sticky":false,"template":"","format":"standard","meta":{"colormag_page_container_layout":"default_layout","colormag_page_sidebar_layout":"default_layout","_jetpack_memberships_contains_paid_content":false,"footnotes":"","jetpack_publicize_message":"","jetpack_publicize_feature_enabled":true,"jetpack_social_post_already_shared":true,"jetpack_social_options":{"image_generator_settings":{"template":"highway","default_image_id":0,"font":"","enabled":false},"version":2}},"categories":[356],"tags":[],"class_list":["post-47522","post","type-post","status-publish","format-standard","has-post-thumbnail","hentry","category-veracruz"],"jetpack_publicize_connections":[],"jetpack_featured_media_url":"https:\/\/noticiasveracruz.com\/wp-content\/uploads\/2025\/01\/8b-3.jpg","jetpack_sharing_enabled":true,"publishpress_future_action":{"enabled":false,"date":"2026-05-07 21:06:39","action":"change-status","newStatus":"draft","terms":[],"taxonomy":"category","extraData":[]},"publishpress_future_workflow_manual_trigger":{"enabledWorkflows":[]},"_links":{"self":[{"href":"https:\/\/noticiasveracruz.com\/index.php\/wp-json\/wp\/v2\/posts\/47522","targetHints":{"allow":["GET"]}}],"collection":[{"href":"https:\/\/noticiasveracruz.com\/index.php\/wp-json\/wp\/v2\/posts"}],"about":[{"href":"https:\/\/noticiasveracruz.com\/index.php\/wp-json\/wp\/v2\/types\/post"}],"author":[{"embeddable":true,"href":"https:\/\/noticiasveracruz.com\/index.php\/wp-json\/wp\/v2\/users\/4"}],"replies":[{"embeddable":true,"href":"https:\/\/noticiasveracruz.com\/index.php\/wp-json\/wp\/v2\/comments?post=47522"}],"version-history":[{"count":0,"href":"https:\/\/noticiasveracruz.com\/index.php\/wp-json\/wp\/v2\/posts\/47522\/revisions"}],"wp:featuredmedia":[{"embeddable":true,"href":"https:\/\/noticiasveracruz.com\/index.php\/wp-json\/wp\/v2\/media\/47523"}],"wp:attachment":[{"href":"https:\/\/noticiasveracruz.com\/index.php\/wp-json\/wp\/v2\/media?parent=47522"}],"wp:term":[{"taxonomy":"category","embeddable":true,"href":"https:\/\/noticiasveracruz.com\/index.php\/wp-json\/wp\/v2\/categories?post=47522"},{"taxonomy":"post_tag","embeddable":true,"href":"https:\/\/noticiasveracruz.com\/index.php\/wp-json\/wp\/v2\/tags?post=47522"}],"curies":[{"name":"wp","href":"https:\/\/api.w.org\/{rel}","templated":true}]}}