{"id":47519,"date":"2025-01-09T00:02:36","date_gmt":"2025-01-09T06:02:36","guid":{"rendered":"https:\/\/noticiasveracruz.com\/?p=47519"},"modified":"2025-01-08T22:18:20","modified_gmt":"2025-01-09T04:18:20","slug":"veracruz-iman-para-la-inversion-internacional","status":"publish","type":"post","link":"https:\/\/noticiasveracruz.com\/index.php\/2025\/01\/09\/veracruz-iman-para-la-inversion-internacional\/","title":{"rendered":"Veracruz, im\u00e1n para la inversi\u00f3n internacional"},"content":{"rendered":"<p>La Secretar\u00eda de Desarrollo Econ\u00f3mico y Portuario posiciona el potencial econ\u00f3mico y estrat\u00e9gico de Veracruz en el \u00e1mbito internacional, en el marco de la 36 Reuni\u00f3n de titulares de Embajadas y Consulados (REC), evento clave en la pol\u00edtica exterior de M\u00e9xico.<\/p>\n<p>En esta edici\u00f3n, el titular de la dependencia, Ernesto P\u00e9rez Astorga particip\u00f3 en la mesa de an\u00e1lisis titulada \u00abImpulso Econ\u00f3mico y Comercial\u00bb, destacando las ventajas competitivas del estado y la capacidad para recibir inversiones de alto impacto.<\/p>\n<p>Subray\u00f3 la ubicaci\u00f3n privilegiada, con m\u00e1s de 745 kil\u00f3metros de litoral, la conexi\u00f3n con Am\u00e9rica del Norte, Europa y Asia; infraestructura que incluye la ampliaci\u00f3n del puerto de Veracruz, el fortalecimiento de Coatzacoalcos a trav\u00e9s del Corredor Interoce\u00e1nico y la importancia de Tuxpan por su cercan\u00eda con la Ciudad de M\u00e9xico, ideal para el manejo de combustibles.<\/p>\n<p>Asimismo, se resalt\u00f3 la certidumbre jur\u00eddica y legal que garantiza un entorno seguro para los inversionistas bajo la administraci\u00f3n de la gobernadora Roc\u00edo Nahle Garc\u00eda, promoviendo un clima de confianza empresarial.<\/p>\n<p>El Secretario invit\u00f3 a los embajadores y c\u00f3nsules presentes a promover en sus pa\u00edses los m\u00faltiples beneficios ofrecidos para el comercio y las inversiones, enfatizando la solidez econ\u00f3mica y el papel central en el desarrollo portuario y log\u00edstico de M\u00e9xico.<\/p>\n<p>La REC, celebrada del 6 al 8 de enero de 2025, re\u00fane a 57 l\u00edderes de las embajadas y consulados de M\u00e9xico para dise\u00f1ar estrategias de pol\u00edtica exterior, es considerado el evento m\u00e1s relevante del a\u00f1o en materia de relaciones internacionales y promueve la colaboraci\u00f3n para fortalecer la imagen de M\u00e9xico en el mundo.<\/p>\n","protected":false},"excerpt":{"rendered":"<p>La Secretar\u00eda de Desarrollo Econ\u00f3mico y Portuario posiciona el potencial econ\u00f3mico y estrat\u00e9gico de Veracruz en el \u00e1mbito internacional, en<\/p>\n","protected":false},"author":4,"featured_media":47520,"comment_status":"closed","ping_status":"closed","sticky":false,"template":"","format":"standard","meta":{"colormag_page_container_layout":"default_layout","colormag_page_sidebar_layout":"default_layout","_jetpack_memberships_contains_paid_content":false,"footnotes":"","jetpack_publicize_message":"","jetpack_publicize_feature_enabled":true,"jetpack_social_post_already_shared":true,"jetpack_social_options":{"image_generator_settings":{"template":"highway","default_image_id":0,"font":"","enabled":false},"version":2}},"categories":[356],"tags":[],"class_list":["post-47519","post","type-post","status-publish","format-standard","has-post-thumbnail","hentry","category-veracruz"],"jetpack_publicize_connections":[],"jetpack_featured_media_url":"https:\/\/noticiasveracruz.com\/wp-content\/uploads\/2025\/01\/9a-4.jpg","jetpack_sharing_enabled":true,"publishpress_future_action":{"enabled":false,"date":"2026-05-07 20:19:08","action":"change-status","newStatus":"draft","terms":[],"taxonomy":"category","extraData":[]},"publishpress_future_workflow_manual_trigger":{"enabledWorkflows":[]},"_links":{"self":[{"href":"https:\/\/noticiasveracruz.com\/index.php\/wp-json\/wp\/v2\/posts\/47519","targetHints":{"allow":["GET"]}}],"collection":[{"href":"https:\/\/noticiasveracruz.com\/index.php\/wp-json\/wp\/v2\/posts"}],"about":[{"href":"https:\/\/noticiasveracruz.com\/index.php\/wp-json\/wp\/v2\/types\/post"}],"author":[{"embeddable":true,"href":"https:\/\/noticiasveracruz.com\/index.php\/wp-json\/wp\/v2\/users\/4"}],"replies":[{"embeddable":true,"href":"https:\/\/noticiasveracruz.com\/index.php\/wp-json\/wp\/v2\/comments?post=47519"}],"version-history":[{"count":0,"href":"https:\/\/noticiasveracruz.com\/index.php\/wp-json\/wp\/v2\/posts\/47519\/revisions"}],"wp:featuredmedia":[{"embeddable":true,"href":"https:\/\/noticiasveracruz.com\/index.php\/wp-json\/wp\/v2\/media\/47520"}],"wp:attachment":[{"href":"https:\/\/noticiasveracruz.com\/index.php\/wp-json\/wp\/v2\/media?parent=47519"}],"wp:term":[{"taxonomy":"category","embeddable":true,"href":"https:\/\/noticiasveracruz.com\/index.php\/wp-json\/wp\/v2\/categories?post=47519"},{"taxonomy":"post_tag","embeddable":true,"href":"https:\/\/noticiasveracruz.com\/index.php\/wp-json\/wp\/v2\/tags?post=47519"}],"curies":[{"name":"wp","href":"https:\/\/api.w.org\/{rel}","templated":true}]}}