{"id":47516,"date":"2025-01-09T00:01:32","date_gmt":"2025-01-09T06:01:32","guid":{"rendered":"https:\/\/noticiasveracruz.com\/?p=47516"},"modified":"2025-01-08T22:17:22","modified_gmt":"2025-01-09T04:17:22","slug":"inician-foros-para-conformar-el-pvd","status":"publish","type":"post","link":"https:\/\/noticiasveracruz.com\/index.php\/2025\/01\/09\/inician-foros-para-conformar-el-pvd\/","title":{"rendered":"Inician foros para conformar el PVD"},"content":{"rendered":"<p>Con el tema Bienestar Social iniciaron los Foros Regionales de Participaci\u00f3n Ciudadana que organiza el Gobierno del Estado para la conformaci\u00f3n del Plan Veracruzano de Desarrollo 2025-2030.<\/p>\n<p>Con la representaci\u00f3n de la gobernadora Roc\u00edo Nahle Garc\u00eda, la secretaria de Educaci\u00f3n, Claudia Tello Espinosa, ofreci\u00f3 un mensaje a los asistentes al Poliforum Mier y Pesado, a quienes agradeci\u00f3 su presencia y aportes en la elaboraci\u00f3n del documento que servir\u00e1 para establecer objetivos, estrategias y l\u00edneas de acci\u00f3n que permitan el desarrollo sostenible de la entidad.<\/p>\n<p>Del mismo modo, los invit\u00f3 a aprovechar la apertura de la presidenta Claudia Sheinbaum Pardo y de la Gobernadora para que todo el pueblo mexicano tome en sus manos la decisi\u00f3n de lo que ser\u00e1 el Plan de Desarrollo, tanto estatal como nacional, a trav\u00e9s de esta consulta popular.<\/p>\n<p>En presencia del presidente municipal, Juan Manuel Diez Francos, la servidora p\u00fablica destac\u00f3 que a partir de la llegada de los gobiernos de la Cuarta Transformaci\u00f3n es que se ha dado importancia a la palabra \u201cbienestar\u201d; por ello, dijo, son esenciales estos espacios democr\u00e1ticos en los que se escucha la voz de toda la poblaci\u00f3n para proyectar el trabajo que se har\u00e1 en el estado y la naci\u00f3n.<\/p>\n<p>Al vincular la educaci\u00f3n con el tema del foro, Tello Espinosa apunt\u00f3 que al contar con un nivel acad\u00e9mico superior y de excelencia es que se incrementa el bienestar en la poblaci\u00f3n, pues es la base del desarrollo.<\/p>\n<p>\u201cPara que exista bienestar necesitamos respetar los derechos humanos y ello implica que haya vivienda digna, alimentaci\u00f3n sana, atenci\u00f3n a los j\u00f3venes, salud, educaci\u00f3n, etc\u00e9tera\u201d, precis\u00f3.<\/p>\n<p>En este sentido, expres\u00f3 que en Veracruz se cuenta con los docentes m\u00e1s comprometidos para sacar adelante a la sociedad, quienes dan lo mejor de s\u00ed en el proceso de ense\u00f1anza-aprendizaje; adem\u00e1s de una presidenta y gobernadora para quienes la educaci\u00f3n es primordial.<\/p>\n","protected":false},"excerpt":{"rendered":"<p>Con el tema Bienestar Social iniciaron los Foros Regionales de Participaci\u00f3n Ciudadana que organiza el Gobierno del Estado para la<\/p>\n","protected":false},"author":4,"featured_media":47517,"comment_status":"closed","ping_status":"closed","sticky":false,"template":"","format":"standard","meta":{"colormag_page_container_layout":"default_layout","colormag_page_sidebar_layout":"default_layout","_jetpack_memberships_contains_paid_content":false,"footnotes":"","jetpack_publicize_message":"","jetpack_publicize_feature_enabled":true,"jetpack_social_post_already_shared":true,"jetpack_social_options":{"image_generator_settings":{"template":"highway","default_image_id":0,"font":"","enabled":false},"version":2}},"categories":[356],"tags":[],"class_list":["post-47516","post","type-post","status-publish","format-standard","has-post-thumbnail","hentry","category-veracruz"],"jetpack_publicize_connections":[],"jetpack_featured_media_url":"https:\/\/noticiasveracruz.com\/wp-content\/uploads\/2025\/01\/9b-3.jpg","jetpack_sharing_enabled":true,"publishpress_future_action":{"enabled":false,"date":"2026-05-07 19:32:30","action":"change-status","newStatus":"draft","terms":[],"taxonomy":"category","extraData":[]},"publishpress_future_workflow_manual_trigger":{"enabledWorkflows":[]},"_links":{"self":[{"href":"https:\/\/noticiasveracruz.com\/index.php\/wp-json\/wp\/v2\/posts\/47516","targetHints":{"allow":["GET"]}}],"collection":[{"href":"https:\/\/noticiasveracruz.com\/index.php\/wp-json\/wp\/v2\/posts"}],"about":[{"href":"https:\/\/noticiasveracruz.com\/index.php\/wp-json\/wp\/v2\/types\/post"}],"author":[{"embeddable":true,"href":"https:\/\/noticiasveracruz.com\/index.php\/wp-json\/wp\/v2\/users\/4"}],"replies":[{"embeddable":true,"href":"https:\/\/noticiasveracruz.com\/index.php\/wp-json\/wp\/v2\/comments?post=47516"}],"version-history":[{"count":0,"href":"https:\/\/noticiasveracruz.com\/index.php\/wp-json\/wp\/v2\/posts\/47516\/revisions"}],"wp:featuredmedia":[{"embeddable":true,"href":"https:\/\/noticiasveracruz.com\/index.php\/wp-json\/wp\/v2\/media\/47517"}],"wp:attachment":[{"href":"https:\/\/noticiasveracruz.com\/index.php\/wp-json\/wp\/v2\/media?parent=47516"}],"wp:term":[{"taxonomy":"category","embeddable":true,"href":"https:\/\/noticiasveracruz.com\/index.php\/wp-json\/wp\/v2\/categories?post=47516"},{"taxonomy":"post_tag","embeddable":true,"href":"https:\/\/noticiasveracruz.com\/index.php\/wp-json\/wp\/v2\/tags?post=47516"}],"curies":[{"name":"wp","href":"https:\/\/api.w.org\/{rel}","templated":true}]}}