{"id":47502,"date":"2025-01-08T00:19:52","date_gmt":"2025-01-08T06:19:52","guid":{"rendered":"https:\/\/noticiasveracruz.com\/?p=47502"},"modified":"2025-01-08T00:19:52","modified_gmt":"2025-01-08T06:19:52","slug":"maduro-activa-plan-militar-en-venezuela-antes-de-su-investidura-presidencial","status":"publish","type":"post","link":"https:\/\/noticiasveracruz.com\/index.php\/2025\/01\/08\/maduro-activa-plan-militar-en-venezuela-antes-de-su-investidura-presidencial\/","title":{"rendered":"Maduro activa plan militar en Venezuela antes de su investidura presidencial"},"content":{"rendered":"<p>El presidente de Venezuela, Nicol\u00e1s Maduro, orden\u00f3 a partir de la noche de este martes el despliegue de militares y polic\u00edas en todo el pa\u00eds, mientras denuncia planes para impedir que jure para un tercer mandato el pr\u00f3ximo viernes, 10 de enero.<\/p>\n<p>Maduro, proclamado para un tercer per\u00edodo consecutivo de seis a\u00f1os en medio de denuncias de fraude por parte de la oposici\u00f3n que, sin pruebas, reivindica el triunfo de su candidato, Edmundo Gonz\u00e1lez Urrutia, activ\u00f3 el \u00ab\u00d3rgano de Defensa Integral de Venezuela\u00bb.<\/p>\n<p>El \u00d3rgano de Defensa Integral de Venezuela (ODI), est\u00e1 conformado por \u00abtodo el poder pol\u00edtico de Venezuela, el poder popular, la Fuerza Armada Nacional Bolivariana, la Milicia Nacional Bolivariana como componente especial y todas las fuerzas policiales\u00bb, dijo el mandatario durante un acto frente al palacio presidencial donde jurament\u00f3 a \u00abcuerpos combatientes\u00bb.<\/p>\n<p>Que \u00abse activen desde hoy mismo en la noche, durante los d\u00edas 8 y 9 (de enero) a nivel nacional, y las ODI activadas integralmente en todos los estados, municipios, parroquias y comunidades garanticen lo que va a ser la victoria ejemplar de la paz de Venezuela en estos d\u00edas que est\u00e1n por venir\u00bb, orden\u00f3.<\/p>\n<p>\u00abProcedo constitucionalmente a activar por primera vez las ODI en defensa de la paz, la estabilidad y la familia venezolana\u00bb, se\u00f1al\u00f3 el heredero pol\u00edtico de Hugo Ch\u00e1vez durante un acto en el que anunci\u00f3 la captura de siete \u00abmercenarios\u00bb extranjeros entre ellos dos ciudadanos estadunidenses, tres ucranianos y dos colombianos.<\/p>\n<p>Estas nuevas detenciones se suman al arresto entre noviembre y diciembre, seg\u00fan versiones oficiales, de otros 125 \u00abmercenarios\u00bb de 25 nacionalidades que el gobierno venezolano vincula con planes \u00abterroristas\u00bb en medio de una crisis que estall\u00f3 tras los comicios del 28 de julio pasado.<\/p>\n<p>Las denuncias de complot son frecuentes y en v\u00edsperas a la investidura presidencial Maduro ha se\u00f1alado a Gonz\u00e1lez Urrutia y a la jefa de la oposici\u00f3n, Mar\u00eda Corina Machado, de alentar planes de desestabilizaci\u00f3n.<\/p>\n<p>Antonio D\u00edaz, teniente de la Milicia, un brazo armado conformado por civiles, dijo estar dispuesto a ayudar a \u00abconsolidar la victoria de Maduro\u00bb.<\/p>\n<p>\u00abLos vamos a juramentar el 10 de enero (&#8230;) queremos respeto para nuestra patria y la haremos respetar como sea, y aqu\u00ed tenemos nuestro armamento que vamos a defender si es posible con nuestras vidas la patria\u00bb, afirm\u00f3 blandiendo un fusil.<\/p>\n","protected":false},"excerpt":{"rendered":"<p>El presidente de Venezuela, Nicol\u00e1s Maduro, orden\u00f3 a partir de la noche de este martes el despliegue de militares y<\/p>\n","protected":false},"author":4,"featured_media":47503,"comment_status":"closed","ping_status":"closed","sticky":false,"template":"","format":"standard","meta":{"colormag_page_container_layout":"default_layout","colormag_page_sidebar_layout":"default_layout","_jetpack_memberships_contains_paid_content":false,"footnotes":"","jetpack_publicize_message":"","jetpack_publicize_feature_enabled":true,"jetpack_social_post_already_shared":true,"jetpack_social_options":{"image_generator_settings":{"template":"highway","default_image_id":0,"font":"","enabled":false},"version":2}},"categories":[355],"tags":[],"class_list":["post-47502","post","type-post","status-publish","format-standard","has-post-thumbnail","hentry","category-internacional"],"jetpack_publicize_connections":[],"jetpack_featured_media_url":"https:\/\/noticiasveracruz.com\/wp-content\/uploads\/2025\/01\/afp-20250108-36tb2un-v2-highres_101-10831673_20250108020247.jpg","jetpack_sharing_enabled":true,"publishpress_future_action":{"enabled":false,"date":"2026-05-07 17:51:41","action":"change-status","newStatus":"draft","terms":[],"taxonomy":"category","extraData":[]},"publishpress_future_workflow_manual_trigger":{"enabledWorkflows":[]},"_links":{"self":[{"href":"https:\/\/noticiasveracruz.com\/index.php\/wp-json\/wp\/v2\/posts\/47502","targetHints":{"allow":["GET"]}}],"collection":[{"href":"https:\/\/noticiasveracruz.com\/index.php\/wp-json\/wp\/v2\/posts"}],"about":[{"href":"https:\/\/noticiasveracruz.com\/index.php\/wp-json\/wp\/v2\/types\/post"}],"author":[{"embeddable":true,"href":"https:\/\/noticiasveracruz.com\/index.php\/wp-json\/wp\/v2\/users\/4"}],"replies":[{"embeddable":true,"href":"https:\/\/noticiasveracruz.com\/index.php\/wp-json\/wp\/v2\/comments?post=47502"}],"version-history":[{"count":0,"href":"https:\/\/noticiasveracruz.com\/index.php\/wp-json\/wp\/v2\/posts\/47502\/revisions"}],"wp:featuredmedia":[{"embeddable":true,"href":"https:\/\/noticiasveracruz.com\/index.php\/wp-json\/wp\/v2\/media\/47503"}],"wp:attachment":[{"href":"https:\/\/noticiasveracruz.com\/index.php\/wp-json\/wp\/v2\/media?parent=47502"}],"wp:term":[{"taxonomy":"category","embeddable":true,"href":"https:\/\/noticiasveracruz.com\/index.php\/wp-json\/wp\/v2\/categories?post=47502"},{"taxonomy":"post_tag","embeddable":true,"href":"https:\/\/noticiasveracruz.com\/index.php\/wp-json\/wp\/v2\/tags?post=47502"}],"curies":[{"name":"wp","href":"https:\/\/api.w.org\/{rel}","templated":true}]}}