{"id":47499,"date":"2025-01-08T00:18:29","date_gmt":"2025-01-08T06:18:29","guid":{"rendered":"https:\/\/noticiasveracruz.com\/?p=47499"},"modified":"2025-01-08T00:18:29","modified_gmt":"2025-01-08T06:18:29","slug":"trump-usaria-via-militar-o-economica-para-controlar-canal-de-panama-y-groenlandia","status":"publish","type":"post","link":"https:\/\/noticiasveracruz.com\/index.php\/2025\/01\/08\/trump-usaria-via-militar-o-economica-para-controlar-canal-de-panama-y-groenlandia\/","title":{"rendered":"Trump usar\u00eda v\u00eda militar o econ\u00f3mica para controlar Canal de Panam\u00e1 y Groenlandia"},"content":{"rendered":"<p>El presidente electo de Estados Unidos, Donald Trump, no descart\u00f3 este martes el uso de la coerci\u00f3n militar o econ\u00f3mica para conseguir su deseo declarado de que Estados Unidos recupere el control del Canal de Panam\u00e1 y adquiera Groenlandia, parte de Dinamarca.<\/p>\n<p>En una rueda de prensa, en la que se le pregunt\u00f3 si pod\u00eda asegurar al mundo que no recurrir\u00eda a la coerci\u00f3n militar o econ\u00f3mica para tratar de hacerse con el control de esas zonas, Trump respondi\u00f3: \u201cNo, no puedo asegur\u00e1rtelo en ninguno de esos dos, pero puedo decir esto, los necesitamos para seguridad econ\u00f3mica\u201d, se\u00f1al\u00f3.<\/p>\n<p>La extraordinaria declaraci\u00f3n la hizo mientras esbozaba de nuevo una agenda expansionista, dos semanas antes de jurar su cargo en la toma de posesi\u00f3n del 20 de enero en Washington.<\/p>\n","protected":false},"excerpt":{"rendered":"<p>El presidente electo de Estados Unidos, Donald Trump, no descart\u00f3 este martes el uso de la coerci\u00f3n militar o econ\u00f3mica<\/p>\n","protected":false},"author":4,"featured_media":47500,"comment_status":"closed","ping_status":"closed","sticky":false,"template":"","format":"standard","meta":{"colormag_page_container_layout":"default_layout","colormag_page_sidebar_layout":"default_layout","_jetpack_memberships_contains_paid_content":false,"footnotes":"","jetpack_publicize_message":"","jetpack_publicize_feature_enabled":true,"jetpack_social_post_already_shared":true,"jetpack_social_options":{"image_generator_settings":{"template":"highway","default_image_id":0,"font":"","enabled":false},"version":2}},"categories":[355],"tags":[],"class_list":["post-47499","post","type-post","status-publish","format-standard","has-post-thumbnail","hentry","category-internacional"],"jetpack_publicize_connections":[],"jetpack_featured_media_url":"https:\/\/noticiasveracruz.com\/wp-content\/uploads\/2025\/01\/01736276673342-scaled.jpg","jetpack_sharing_enabled":true,"publishpress_future_action":{"enabled":false,"date":"2026-05-07 18:39:33","action":"change-status","newStatus":"draft","terms":[],"taxonomy":"category","extraData":[]},"publishpress_future_workflow_manual_trigger":{"enabledWorkflows":[]},"_links":{"self":[{"href":"https:\/\/noticiasveracruz.com\/index.php\/wp-json\/wp\/v2\/posts\/47499","targetHints":{"allow":["GET"]}}],"collection":[{"href":"https:\/\/noticiasveracruz.com\/index.php\/wp-json\/wp\/v2\/posts"}],"about":[{"href":"https:\/\/noticiasveracruz.com\/index.php\/wp-json\/wp\/v2\/types\/post"}],"author":[{"embeddable":true,"href":"https:\/\/noticiasveracruz.com\/index.php\/wp-json\/wp\/v2\/users\/4"}],"replies":[{"embeddable":true,"href":"https:\/\/noticiasveracruz.com\/index.php\/wp-json\/wp\/v2\/comments?post=47499"}],"version-history":[{"count":0,"href":"https:\/\/noticiasveracruz.com\/index.php\/wp-json\/wp\/v2\/posts\/47499\/revisions"}],"wp:featuredmedia":[{"embeddable":true,"href":"https:\/\/noticiasveracruz.com\/index.php\/wp-json\/wp\/v2\/media\/47500"}],"wp:attachment":[{"href":"https:\/\/noticiasveracruz.com\/index.php\/wp-json\/wp\/v2\/media?parent=47499"}],"wp:term":[{"taxonomy":"category","embeddable":true,"href":"https:\/\/noticiasveracruz.com\/index.php\/wp-json\/wp\/v2\/categories?post=47499"},{"taxonomy":"post_tag","embeddable":true,"href":"https:\/\/noticiasveracruz.com\/index.php\/wp-json\/wp\/v2\/tags?post=47499"}],"curies":[{"name":"wp","href":"https:\/\/api.w.org\/{rel}","templated":true}]}}