{"id":47490,"date":"2025-01-08T00:12:24","date_gmt":"2025-01-08T06:12:24","guid":{"rendered":"https:\/\/noticiasveracruz.com\/?p=47490"},"modified":"2025-01-08T00:12:24","modified_gmt":"2025-01-08T06:12:24","slug":"tamaulipas-apoyara-a-ejidatarios-tras-incumplimiento-de-empresa-tres-mesas","status":"publish","type":"post","link":"https:\/\/noticiasveracruz.com\/index.php\/2025\/01\/08\/tamaulipas-apoyara-a-ejidatarios-tras-incumplimiento-de-empresa-tres-mesas\/","title":{"rendered":"Tamaulipas apoyar\u00e1 a ejidatarios tras incumplimiento de empresa Tres Mesas"},"content":{"rendered":"<p><em>Ciudad Victoria, Tamps<\/em>. El gobierno de Tamaulipas respaldar\u00e1 con asesor\u00edas jur\u00eddicas a 330 familias de los ejidos Pedro Jos\u00e9 M\u00e9ndez, Las Compuertas y Emiliano Zapata, ubicados en el municipio de Llera, a quienes la empresa del parque e\u00f3lico Tres Mesas se niega a pagar sus participaciones por el uso de sus terrenos, que ascienden a 15 millones de d\u00f3lares.<\/p>\n<p>Durante un encuentro que sostuvo este martes en palacio de gobierno con los agricultores, el gobernador morenista Am\u00e9rico Villarreal Anaya se comprometi\u00f3 a respaldarlos.<\/p>\n<p>El mandatario consider\u00f3 justa la demanda de los labriegos, y dio a conocer que cit\u00f3 a los representantes de la empresa a una reuni\u00f3n que se realizar\u00e1 el pr\u00f3ximo 21 de enero, en la cual ser\u00e1 revisado el contrato con los ejidatarios, adem\u00e1s se buscar\u00e1 un acuerdo conciliatorio y garantizar el cumplimiento de la liquidaci\u00f3n del adeudo con las familias.<\/p>\n<p>Coment\u00f3 que las inconformidades de los afectados son fundadas, por el incumplimiento de un contrato firmados por los tres ejidos. \u201cCreemos que les asiste la raz\u00f3n, porque fueron agraviados. El gobierno siempre estar\u00e1 de su lado para buscar formas de conciliar y aprovechar las oportunidades que les da su territorio, con beneficios para los habitantes\u201d, afirm\u00f3.<\/p>\n<p>De su lado, Guillermo Flores Medina, representante de campesinos, dijo que con la intervenci\u00f3n del titular del Ejecutivo podr\u00e1n alcanzarse acuerdos favorables para las 330 familias perjudicadas. \u201cVimos voluntad de Am\u00e9rico Villarreal Anaya, nos escuch\u00f3 y nos present\u00f3 opciones para recuperar los pagos correspondientes\u201d, sostuvo.<\/p>\n","protected":false},"excerpt":{"rendered":"<p>Ciudad Victoria, Tamps. El gobierno de Tamaulipas respaldar\u00e1 con asesor\u00edas jur\u00eddicas a 330 familias de los ejidos Pedro Jos\u00e9 M\u00e9ndez,<\/p>\n","protected":false},"author":4,"featured_media":47491,"comment_status":"closed","ping_status":"closed","sticky":false,"template":"","format":"standard","meta":{"colormag_page_container_layout":"default_layout","colormag_page_sidebar_layout":"default_layout","_jetpack_memberships_contains_paid_content":false,"footnotes":"","jetpack_publicize_message":"","jetpack_publicize_feature_enabled":true,"jetpack_social_post_already_shared":true,"jetpack_social_options":{"image_generator_settings":{"template":"highway","default_image_id":0,"font":"","enabled":false},"version":2}},"categories":[145],"tags":[],"class_list":["post-47490","post","type-post","status-publish","format-standard","has-post-thumbnail","hentry","category-estados"],"jetpack_publicize_connections":[],"jetpack_featured_media_url":"https:\/\/noticiasveracruz.com\/wp-content\/uploads\/2025\/01\/SDF.jpg","jetpack_sharing_enabled":true,"publishpress_future_action":{"enabled":false,"date":"2026-05-07 21:20:59","action":"change-status","newStatus":"draft","terms":[],"taxonomy":"category","extraData":[]},"publishpress_future_workflow_manual_trigger":{"enabledWorkflows":[]},"_links":{"self":[{"href":"https:\/\/noticiasveracruz.com\/index.php\/wp-json\/wp\/v2\/posts\/47490","targetHints":{"allow":["GET"]}}],"collection":[{"href":"https:\/\/noticiasveracruz.com\/index.php\/wp-json\/wp\/v2\/posts"}],"about":[{"href":"https:\/\/noticiasveracruz.com\/index.php\/wp-json\/wp\/v2\/types\/post"}],"author":[{"embeddable":true,"href":"https:\/\/noticiasveracruz.com\/index.php\/wp-json\/wp\/v2\/users\/4"}],"replies":[{"embeddable":true,"href":"https:\/\/noticiasveracruz.com\/index.php\/wp-json\/wp\/v2\/comments?post=47490"}],"version-history":[{"count":0,"href":"https:\/\/noticiasveracruz.com\/index.php\/wp-json\/wp\/v2\/posts\/47490\/revisions"}],"wp:featuredmedia":[{"embeddable":true,"href":"https:\/\/noticiasveracruz.com\/index.php\/wp-json\/wp\/v2\/media\/47491"}],"wp:attachment":[{"href":"https:\/\/noticiasveracruz.com\/index.php\/wp-json\/wp\/v2\/media?parent=47490"}],"wp:term":[{"taxonomy":"category","embeddable":true,"href":"https:\/\/noticiasveracruz.com\/index.php\/wp-json\/wp\/v2\/categories?post=47490"},{"taxonomy":"post_tag","embeddable":true,"href":"https:\/\/noticiasveracruz.com\/index.php\/wp-json\/wp\/v2\/tags?post=47490"}],"curies":[{"name":"wp","href":"https:\/\/api.w.org\/{rel}","templated":true}]}}