{"id":47469,"date":"2025-01-08T00:01:33","date_gmt":"2025-01-08T06:01:33","guid":{"rendered":"https:\/\/noticiasveracruz.com\/?p=47469"},"modified":"2025-01-08T00:01:33","modified_gmt":"2025-01-08T06:01:33","slug":"el-peso-mexicano-recupero-terreno","status":"publish","type":"post","link":"https:\/\/noticiasveracruz.com\/index.php\/2025\/01\/08\/el-peso-mexicano-recupero-terreno\/","title":{"rendered":"El peso mexicano recuper\u00f3 terreno"},"content":{"rendered":"<p>El d\u00f3lar registr\u00f3 un retroceso en el mercado cambiario mexicano este martes. Tras arrancar la sesi\u00f3n con p\u00e9rdidas, el peso mexicano regres\u00f3 a terreno positivo y present\u00f3 una apreciaci\u00f3n diaria de s\u00f3lo 0.07 por ciento, equivalente a 1.44 centavos frente a la divisa estadunidense, a 20.2952 pesos por d\u00f3lar\u00a0<em>spot<\/em>.<\/p>\n<p>De acuerdo con datos del Banco de M\u00e9xico (BdeM), el tipo de cambio oper\u00f3 entre un m\u00e1ximo de 20.4000 unidades y un m\u00ednimo de 20.2660 unidades.<\/p>\n<p>Luego de que las cifras del mercado laboral estadunidense publicadas este martes arrojaron un panorama m\u00e1s s\u00f3lido de lo esperado, el d\u00f3lar, que hab\u00eda iniciado la jornada con p\u00e9rdidas, las recort\u00f3 y termin\u00f3 con una ganancia de 0.39 por ciento, a 108.53 puntos, seg\u00fan el \u00edndice DXY, que mide su comportamiento frente a una canasta de seis monedas internacionales.<\/p>\n<p>Las vacantes de empleo en Estados Unidos aumentaron en noviembre a un m\u00e1ximo de seis meses, impulsadas por un salto en los servicios empresariales, mientras que otras industrias mostraron una demanda m\u00e1s mixta de trabajadores.<\/p>\n<p>Los puestos disponibles aumentaron a 8.1 millones desde una cifra revisada al alza de 7.8 millones en octubre, seg\u00fan mostr\u00f3 el martes la Encuesta de Vacantes y Rotaci\u00f3n Laboral de la Oficina de Estad\u00edsticas Laborales, conocida como JOLTS.<\/p>\n<p>Las se\u00f1ales de fortaleza del mercado laboral estadunidense son buenas noticias para la mayor econom\u00eda del mundo, principal socio comercial de M\u00e9xico, pero reduce las perspectivas de recortes de las tasas de inter\u00e9s en el 2025.<\/p>\n","protected":false},"excerpt":{"rendered":"<p>El d\u00f3lar registr\u00f3 un retroceso en el mercado cambiario mexicano este martes. Tras arrancar la sesi\u00f3n con p\u00e9rdidas, el peso<\/p>\n","protected":false},"author":4,"featured_media":47470,"comment_status":"closed","ping_status":"closed","sticky":false,"template":"","format":"standard","meta":{"colormag_page_container_layout":"default_layout","colormag_page_sidebar_layout":"default_layout","_jetpack_memberships_contains_paid_content":false,"footnotes":"","jetpack_publicize_message":"","jetpack_publicize_feature_enabled":true,"jetpack_social_post_already_shared":true,"jetpack_social_options":{"image_generator_settings":{"template":"highway","default_image_id":0,"font":"","enabled":false},"version":2}},"categories":[1947],"tags":[],"class_list":["post-47469","post","type-post","status-publish","format-standard","has-post-thumbnail","hentry","category-economia"],"jetpack_publicize_connections":[],"jetpack_featured_media_url":"https:\/\/noticiasveracruz.com\/wp-content\/uploads\/2025\/01\/0-grande.jpg","jetpack_sharing_enabled":true,"publishpress_future_action":{"enabled":false,"date":"2026-05-08 08:48:42","action":"change-status","newStatus":"draft","terms":[],"taxonomy":"category","extraData":[]},"publishpress_future_workflow_manual_trigger":{"enabledWorkflows":[]},"_links":{"self":[{"href":"https:\/\/noticiasveracruz.com\/index.php\/wp-json\/wp\/v2\/posts\/47469","targetHints":{"allow":["GET"]}}],"collection":[{"href":"https:\/\/noticiasveracruz.com\/index.php\/wp-json\/wp\/v2\/posts"}],"about":[{"href":"https:\/\/noticiasveracruz.com\/index.php\/wp-json\/wp\/v2\/types\/post"}],"author":[{"embeddable":true,"href":"https:\/\/noticiasveracruz.com\/index.php\/wp-json\/wp\/v2\/users\/4"}],"replies":[{"embeddable":true,"href":"https:\/\/noticiasveracruz.com\/index.php\/wp-json\/wp\/v2\/comments?post=47469"}],"version-history":[{"count":0,"href":"https:\/\/noticiasveracruz.com\/index.php\/wp-json\/wp\/v2\/posts\/47469\/revisions"}],"wp:featuredmedia":[{"embeddable":true,"href":"https:\/\/noticiasveracruz.com\/index.php\/wp-json\/wp\/v2\/media\/47470"}],"wp:attachment":[{"href":"https:\/\/noticiasveracruz.com\/index.php\/wp-json\/wp\/v2\/media?parent=47469"}],"wp:term":[{"taxonomy":"category","embeddable":true,"href":"https:\/\/noticiasveracruz.com\/index.php\/wp-json\/wp\/v2\/categories?post=47469"},{"taxonomy":"post_tag","embeddable":true,"href":"https:\/\/noticiasveracruz.com\/index.php\/wp-json\/wp\/v2\/tags?post=47469"}],"curies":[{"name":"wp","href":"https:\/\/api.w.org\/{rel}","templated":true}]}}