{"id":47463,"date":"2025-01-08T00:07:06","date_gmt":"2025-01-08T06:07:06","guid":{"rendered":"https:\/\/noticiasveracruz.com\/?p=47463"},"modified":"2025-01-07T23:57:51","modified_gmt":"2025-01-08T05:57:51","slug":"proteccion-constitucional-del-maiz-blanco-para-cuidar-biodiversidad-cultural-sheinbaum","status":"publish","type":"post","link":"https:\/\/noticiasveracruz.com\/index.php\/2025\/01\/08\/proteccion-constitucional-del-maiz-blanco-para-cuidar-biodiversidad-cultural-sheinbaum\/","title":{"rendered":"Protecci\u00f3n constitucional del ma\u00edz blanco, para cuidar biodiversidad cultural: Sheinbaum"},"content":{"rendered":"<p>La presidenta Claudia Sheinbaum Pardo remarc\u00f3 que la intenci\u00f3n de proteger la siembra del ma\u00edz blanco en el pa\u00eds a nivel constitucional tiene como objetivo cuidar la biodiversidad cultural y la salud.<\/p>\n<p>Interrogada en la ma\u00f1anera de este martes sobre si ser\u00e1 suficiente el elevar al marco de la carta magna la protecci\u00f3n a la producci\u00f3n de ma\u00edz blanco criollo \u2014esto luego que un panel internacional fallo contra la prohibici\u00f3n que M\u00e9xico hab\u00eda impuesto a la importaci\u00f3n de ma\u00edz transg\u00e9nico\u2014 la jefa del Ejecutivo destac\u00f3 que la biodiversidad se da desde los ecosistemas hasta la gen\u00e9tica.<\/p>\n<p>\u201cHay que protegerla, de perderse no se perder\u00eda solo la planta, sino lo que culturalmente se ha significado la producci\u00f3n del ma\u00edz. Lo que queremos que quede en la Constituci\u00f3n es la protecci\u00f3n de nuestro ma\u00edz, que es una protecci\u00f3n de la biodiversidad cultural y tambi\u00e9n de la salud\u201d, subray\u00f3.<\/p>\n<p>Descart\u00f3 que haya riesgos de que el ma\u00edz criollo se contamine por la importaci\u00f3n del amarillo, esto s\u00f3lo suceder\u00eda en caso que el ma\u00edz modificado gen\u00e9ticamente se sembrara cerca de cultivos del blanco criollo.<\/p>\n<p>\u201cEl ma\u00edz que proviene de Estados Unidos es principalmente ma\u00edz amarillo, que se utiliza para el consumo de ganado principalmente, y aviar. (La contaminaci\u00f3n) no es, digamos, por la importaci\u00f3n, sino m\u00e1s bien porque hubiera siembra de ma\u00edz transg\u00e9nico en un lugar cercano a uno de ma\u00edz criollo\u201d.<\/p>\n<p>La intenci\u00f3n de llevarlo a la Constituci\u00f3n, afirm\u00f3, es que se proh\u00edba la importaci\u00f3n de ma\u00edz blanco transg\u00e9nico y su siembra.<\/p>\n<p>\u201cNo en cualquier lugar se produce el ma\u00edz blanco transg\u00e9nico, uno de los principales productores es Sud\u00e1frica, en Estados Unidos casi no hay, ellos utilizan el ma\u00edz amarillo, una parte para consumo humano y otra para alimentaci\u00f3n de ganado. Lo que m\u00e1s nos importa es la protecci\u00f3n del ma\u00edz blanco, criollo en nuestros pa\u00eds. Por razones de salud y de protecci\u00f3n de la biodiversidad\u201d.<\/p>\n<p>Ante las versiones que apuntan al uso de ma\u00edz transg\u00e9nico amarillo para la producci\u00f3n de tortilla, la mandataria aclar\u00f3 que ese producto se hace con ma\u00edz blanco y no con el amarillo.<\/p>\n","protected":false},"excerpt":{"rendered":"<p>La presidenta Claudia Sheinbaum Pardo remarc\u00f3 que la intenci\u00f3n de proteger la siembra del ma\u00edz blanco en el pa\u00eds a<\/p>\n","protected":false},"author":4,"featured_media":47464,"comment_status":"closed","ping_status":"closed","sticky":false,"template":"","format":"standard","meta":{"colormag_page_container_layout":"default_layout","colormag_page_sidebar_layout":"default_layout","_jetpack_memberships_contains_paid_content":false,"footnotes":"","jetpack_publicize_message":"","jetpack_publicize_feature_enabled":true,"jetpack_social_post_already_shared":true,"jetpack_social_options":{"image_generator_settings":{"template":"highway","default_image_id":0,"font":"","enabled":false},"version":2}},"categories":[4],"tags":[],"class_list":["post-47463","post","type-post","status-publish","format-standard","has-post-thumbnail","hentry","category-nacional"],"jetpack_publicize_connections":[],"jetpack_featured_media_url":"https:\/\/noticiasveracruz.com\/wp-content\/uploads\/2025\/01\/250107Sheinbaum.jpg","jetpack_sharing_enabled":true,"publishpress_future_action":{"enabled":false,"date":"2026-05-08 01:15:44","action":"change-status","newStatus":"draft","terms":[],"taxonomy":"category","extraData":[]},"publishpress_future_workflow_manual_trigger":{"enabledWorkflows":[]},"_links":{"self":[{"href":"https:\/\/noticiasveracruz.com\/index.php\/wp-json\/wp\/v2\/posts\/47463","targetHints":{"allow":["GET"]}}],"collection":[{"href":"https:\/\/noticiasveracruz.com\/index.php\/wp-json\/wp\/v2\/posts"}],"about":[{"href":"https:\/\/noticiasveracruz.com\/index.php\/wp-json\/wp\/v2\/types\/post"}],"author":[{"embeddable":true,"href":"https:\/\/noticiasveracruz.com\/index.php\/wp-json\/wp\/v2\/users\/4"}],"replies":[{"embeddable":true,"href":"https:\/\/noticiasveracruz.com\/index.php\/wp-json\/wp\/v2\/comments?post=47463"}],"version-history":[{"count":0,"href":"https:\/\/noticiasveracruz.com\/index.php\/wp-json\/wp\/v2\/posts\/47463\/revisions"}],"wp:featuredmedia":[{"embeddable":true,"href":"https:\/\/noticiasveracruz.com\/index.php\/wp-json\/wp\/v2\/media\/47464"}],"wp:attachment":[{"href":"https:\/\/noticiasveracruz.com\/index.php\/wp-json\/wp\/v2\/media?parent=47463"}],"wp:term":[{"taxonomy":"category","embeddable":true,"href":"https:\/\/noticiasveracruz.com\/index.php\/wp-json\/wp\/v2\/categories?post=47463"},{"taxonomy":"post_tag","embeddable":true,"href":"https:\/\/noticiasveracruz.com\/index.php\/wp-json\/wp\/v2\/tags?post=47463"}],"curies":[{"name":"wp","href":"https:\/\/api.w.org\/{rel}","templated":true}]}}