{"id":47460,"date":"2025-01-08T00:06:00","date_gmt":"2025-01-08T06:06:00","guid":{"rendered":"https:\/\/noticiasveracruz.com\/?p=47460"},"modified":"2025-01-07T23:55:48","modified_gmt":"2025-01-08T05:55:48","slug":"gobierno-federal-lanza-campana-contra-el-consumo-de-drogas","status":"publish","type":"post","link":"https:\/\/noticiasveracruz.com\/index.php\/2025\/01\/08\/gobierno-federal-lanza-campana-contra-el-consumo-de-drogas\/","title":{"rendered":"Gobierno federal lanza campa\u00f1a contra el consumo de drogas"},"content":{"rendered":"<p>Ante la problem\u00e1tica que se ha convertido a escala global el consumo de drogas, este martes el gobierno federal lanz\u00f3 la campa\u00f1a nacional y permanente \u201c\u00a1Al\u00e9jate de las drogas. El fentanilo te mata!\u201d, que se enfoca a la prevenci\u00f3n en el consumo de estas sustancias entre adolescentes y j\u00f3venes.<\/p>\n<p>La estrategia incluye la participaci\u00f3n de distintas instancias de la administraci\u00f3n federal, de profesores y de madres y padres de familia.<\/p>\n<p>En la ma\u00f1anera de este martes en Palacio Nacional, la presidenta Claudia Sheinbaum Pardo se\u00f1al\u00f3 que hoy inicia este esfuerzo con el que se busca evitar el consumo de drogas entre la poblaci\u00f3n mexicana, en especial, del fentanilo.<\/p>\n<p>La mandataria apunt\u00f3 que la coordinadora general de Asuntos Intergubernamentales y de Atenci\u00f3n Ciudadana, Leticia Ram\u00edrez, estar\u00e1 al frente de toda la campa\u00f1a.<\/p>\n<p>El titular de la Secretar\u00eda de Salud, David Kershenobich, indic\u00f3 que \u201cla mayor parte de las drogas que se consumen (en M\u00e9xico) est\u00e1n m\u00e1s o menos en un estado estable, significativo pero estable\u201d.<\/p>\n<p>De acuerdo a los datos de la dependencia a su cargo, detall\u00f3 que se ha dado una disminuci\u00f3n en el consumo de cannabinoides, mientras que hay un inermemente en el uso de metanfetaminas.<\/p>\n<p>\u201cEs probablemente \u00e9stas el consumo mas importante que tenemos, y sin embargo el fentanilo es el m\u00e1s significativo en el sentido de mortalidad y de da\u00f1o que produce\u201d.<\/p>\n<p>Refiri\u00f3 que la campa\u00f1a se basa en tres principios: prevenci\u00f3n, tratamiento y rehabilitaci\u00f3n.<\/p>\n<p>Al respecto, la jefa del Ejecutivo plante\u00f3 que en M\u00e9xico no hay un consumo de fentanilio con la gravedad que se da en otras naciones, particularmente en Estados Unidos y algunas ciudades de Canad\u00e1.<\/p>\n<p>La coordinadora de la campa\u00f1a, Leticia Ram\u00edrez Amaya, explic\u00f3 que la estrategia tiene dos ejes como la prevenci\u00f3n y la atenci\u00f3n.<\/p>\n<p>\u201cPara decirles a las y a los j\u00f3venes a las y a los adolescentes del da\u00f1o que causan las drogas. compartiremos informaci\u00f3n. cient\u00edfica que les permita tomar las mejores decisiones por su bien por su bienestar y el de su comunidad y sobre todo fortalecer su autocuidado\u201d, dijo.<\/p>\n","protected":false},"excerpt":{"rendered":"<p>Ante la problem\u00e1tica que se ha convertido a escala global el consumo de drogas, este martes el gobierno federal lanz\u00f3<\/p>\n","protected":false},"author":4,"featured_media":47461,"comment_status":"closed","ping_status":"closed","sticky":false,"template":"","format":"standard","meta":{"colormag_page_container_layout":"default_layout","colormag_page_sidebar_layout":"default_layout","_jetpack_memberships_contains_paid_content":false,"footnotes":"","jetpack_publicize_message":"","jetpack_publicize_feature_enabled":true,"jetpack_social_post_already_shared":true,"jetpack_social_options":{"image_generator_settings":{"template":"highway","default_image_id":0,"font":"","enabled":false},"version":2}},"categories":[4],"tags":[],"class_list":["post-47460","post","type-post","status-publish","format-standard","has-post-thumbnail","hentry","category-nacional"],"jetpack_publicize_connections":[],"jetpack_featured_media_url":"https:\/\/noticiasveracruz.com\/wp-content\/uploads\/2025\/01\/gobierno-lanza-campana-contra-el-fentanilo-en-escu-1200x675-1.jpg","jetpack_sharing_enabled":true,"publishpress_future_action":{"enabled":false,"date":"2026-05-08 02:36:57","action":"change-status","newStatus":"draft","terms":[],"taxonomy":"category","extraData":[]},"publishpress_future_workflow_manual_trigger":{"enabledWorkflows":[]},"_links":{"self":[{"href":"https:\/\/noticiasveracruz.com\/index.php\/wp-json\/wp\/v2\/posts\/47460","targetHints":{"allow":["GET"]}}],"collection":[{"href":"https:\/\/noticiasveracruz.com\/index.php\/wp-json\/wp\/v2\/posts"}],"about":[{"href":"https:\/\/noticiasveracruz.com\/index.php\/wp-json\/wp\/v2\/types\/post"}],"author":[{"embeddable":true,"href":"https:\/\/noticiasveracruz.com\/index.php\/wp-json\/wp\/v2\/users\/4"}],"replies":[{"embeddable":true,"href":"https:\/\/noticiasveracruz.com\/index.php\/wp-json\/wp\/v2\/comments?post=47460"}],"version-history":[{"count":0,"href":"https:\/\/noticiasveracruz.com\/index.php\/wp-json\/wp\/v2\/posts\/47460\/revisions"}],"wp:featuredmedia":[{"embeddable":true,"href":"https:\/\/noticiasveracruz.com\/index.php\/wp-json\/wp\/v2\/media\/47461"}],"wp:attachment":[{"href":"https:\/\/noticiasveracruz.com\/index.php\/wp-json\/wp\/v2\/media?parent=47460"}],"wp:term":[{"taxonomy":"category","embeddable":true,"href":"https:\/\/noticiasveracruz.com\/index.php\/wp-json\/wp\/v2\/categories?post=47460"},{"taxonomy":"post_tag","embeddable":true,"href":"https:\/\/noticiasveracruz.com\/index.php\/wp-json\/wp\/v2\/tags?post=47460"}],"curies":[{"name":"wp","href":"https:\/\/api.w.org\/{rel}","templated":true}]}}