{"id":47454,"date":"2025-01-08T00:04:17","date_gmt":"2025-01-08T06:04:17","guid":{"rendered":"https:\/\/noticiasveracruz.com\/?p=47454"},"modified":"2025-01-07T22:39:24","modified_gmt":"2025-01-08T04:39:24","slug":"destaca-nahle-avances-en-derechos-laborales","status":"publish","type":"post","link":"https:\/\/noticiasveracruz.com\/index.php\/2025\/01\/08\/destaca-nahle-avances-en-derechos-laborales\/","title":{"rendered":"Destaca Nahle avances en derechos laborales"},"content":{"rendered":"<p>Desde la tierra de hombres y mujeres valientes y patriotas, la gobernadora Roc\u00edo Nahle Garc\u00eda conmemor\u00f3 el 118 aniversario de los M\u00e1rtires de R\u00edo Blanco, destacando su relevancia hist\u00f3rica como s\u00edmbolo de lucha por los derechos laborales y la justicia social en M\u00e9xico.<\/p>\n<p>Resalt\u00f3 los avances de la Cuarta Transformaci\u00f3n, como la eliminaci\u00f3n del outsourcing, el incremento del salario m\u00ednimo de 248.93 a 278.80 pesos diarios, las prestaciones sociales para las trabajadoras del hogar y la jornada laboral de 8 horas, logros que dignifican el movimiento iniciado por los M\u00e1rtires de R\u00edo Blanco.<\/p>\n<p>Tambi\u00e9n reafirm\u00f3 el compromiso de continuar con pol\u00edticas de bienestar y justicia social: \u201cAqu\u00ed estamos, en el lugar de los hechos, para recordarlos, honrarlos, agradecerles y decirles que el movimiento que ellos iniciaron hoy da resultados de bienestar, trabajo y seguridad social\u201d.<\/p>\n<p>El secretario regional de la Confederaci\u00f3n Revolucionaria de Obreros y Campesinos (CROC), C\u00e9sar Silva Reyes, subray\u00f3 la importancia de mantener un di\u00e1logo permanente entre trabajadores, empresarios y autoridades. Destac\u00f3 la presencia de la jefa del Ejecutivo como s\u00edmbolo de compromiso con la causa y expres\u00f3 su confianza en la presidenta Claudia Sheinbaum Pardo.<\/p>\n<p>La huelga de R\u00edo Blanco es considerada uno de los antecedentes de la Revoluci\u00f3n Mexicana, ya que se extendi\u00f3 y germin\u00f3 en otros lugares del pa\u00eds, como Puebla, Tlaxcala y Ciudad de M\u00e9xico.<\/p>\n<p>En la Guardia de Honor y colocaci\u00f3n de la ofrenda floral participaron los secretarios de Gobierno, Ricardo Ahued Bardahuil; de Trabajo, Previsi\u00f3n Social y Productividad, Luis Arturo Santiago; el alcalde de R\u00edo Blanco, Ricardo P\u00e9rez Garc\u00eda; y el secretario estatal de la CROC, Tom\u00e1s Tejeda Mart\u00ednez.<\/p>\n","protected":false},"excerpt":{"rendered":"<p>Desde la tierra de hombres y mujeres valientes y patriotas, la gobernadora Roc\u00edo Nahle Garc\u00eda conmemor\u00f3 el 118 aniversario de<\/p>\n","protected":false},"author":4,"featured_media":47455,"comment_status":"closed","ping_status":"closed","sticky":false,"template":"","format":"standard","meta":{"colormag_page_container_layout":"default_layout","colormag_page_sidebar_layout":"default_layout","_jetpack_memberships_contains_paid_content":false,"footnotes":"","jetpack_publicize_message":"","jetpack_publicize_feature_enabled":true,"jetpack_social_post_already_shared":true,"jetpack_social_options":{"image_generator_settings":{"template":"highway","default_image_id":0,"font":"","enabled":false},"version":2}},"categories":[356],"tags":[],"class_list":["post-47454","post","type-post","status-publish","format-standard","has-post-thumbnail","hentry","category-veracruz"],"jetpack_publicize_connections":[],"jetpack_featured_media_url":"https:\/\/noticiasveracruz.com\/wp-content\/uploads\/2025\/01\/8a1-1.jpg","jetpack_sharing_enabled":true,"publishpress_future_action":{"enabled":false,"date":"2026-05-08 10:50:32","action":"change-status","newStatus":"draft","terms":[],"taxonomy":"category","extraData":[]},"publishpress_future_workflow_manual_trigger":{"enabledWorkflows":[]},"_links":{"self":[{"href":"https:\/\/noticiasveracruz.com\/index.php\/wp-json\/wp\/v2\/posts\/47454","targetHints":{"allow":["GET"]}}],"collection":[{"href":"https:\/\/noticiasveracruz.com\/index.php\/wp-json\/wp\/v2\/posts"}],"about":[{"href":"https:\/\/noticiasveracruz.com\/index.php\/wp-json\/wp\/v2\/types\/post"}],"author":[{"embeddable":true,"href":"https:\/\/noticiasveracruz.com\/index.php\/wp-json\/wp\/v2\/users\/4"}],"replies":[{"embeddable":true,"href":"https:\/\/noticiasveracruz.com\/index.php\/wp-json\/wp\/v2\/comments?post=47454"}],"version-history":[{"count":0,"href":"https:\/\/noticiasveracruz.com\/index.php\/wp-json\/wp\/v2\/posts\/47454\/revisions"}],"wp:featuredmedia":[{"embeddable":true,"href":"https:\/\/noticiasveracruz.com\/index.php\/wp-json\/wp\/v2\/media\/47455"}],"wp:attachment":[{"href":"https:\/\/noticiasveracruz.com\/index.php\/wp-json\/wp\/v2\/media?parent=47454"}],"wp:term":[{"taxonomy":"category","embeddable":true,"href":"https:\/\/noticiasveracruz.com\/index.php\/wp-json\/wp\/v2\/categories?post=47454"},{"taxonomy":"post_tag","embeddable":true,"href":"https:\/\/noticiasveracruz.com\/index.php\/wp-json\/wp\/v2\/tags?post=47454"}],"curies":[{"name":"wp","href":"https:\/\/api.w.org\/{rel}","templated":true}]}}